{"id":24748,"date":"2025-09-23T10:39:18","date_gmt":"2025-09-23T08:39:18","guid":{"rendered":"https:\/\/www.vadib.de\/?p=24748"},"modified":"2025-09-23T10:39:20","modified_gmt":"2025-09-23T08:39:20","slug":"forderungspapier-gesamtprogramm-sprache-2","status":"publish","type":"post","link":"https:\/\/www.vadib.de\/?p=24748","title":{"rendered":"Forderungspapier &#8222;Gesamtprogramm Sprache&#8220;"},"content":{"rendered":"\n<figure class=\"wp-block-image size-full is-resized\"><img loading=\"lazy\" decoding=\"async\" width=\"486\" height=\"150\" src=\"https:\/\/www.vadib.de\/wp-content\/uploads\/2018\/08\/Logo-Parit\u00e4tischer-Gesamtverband.png\" alt=\"\" class=\"wp-image-2037\" style=\"width:217px;height:auto\"\/><\/figure>\n\n\n\n<p>Das &#8222;Gesamtprogramm Sprache&#8220; ist das zentrale Instrument f\u00fcr Integration und Teilhabe in Deutschland. Es verbindet Sprachf\u00f6rderung mit gesellschaftlicher und beruflicher Orientierung und erm\u00f6glicht Zugewanderten einen erfolgreichen Start. Sprachkurse schaffen nicht nur die Grundlage f\u00fcr eine aktive Teilnahme am Alltag, sondern auch f\u00fcr Bildung, Ausbildung und Besch\u00e4ftigung. Damit leisten sie einen unverzichtbaren Beitrag zur St\u00e4rkung des gesellschaftlichen Zusammenhalts und zur Sicherung des Fachkr\u00e4ftebedarfs.<\/p>\n\n\n\n<p><a href=\"https:\/\/www.der-paritaetische.de\/fileadmin\/user_upload\/Schwerpunkte\/Migration\/Integrationskurse\/Forderungspapier-Gesamtprogramm-Sprache_Kurzfassung_01.08.2025.pdf\">Forderungspapier lesen<\/a><br><a href=\"https:\/\/gesamtprogramm-sprache-retten.jetzt\/\">gesamtprogramm-sprache-retten.jetzt<\/a><\/p>\n","protected":false},"excerpt":{"rendered":"<p>Das &#8222;Gesamtprogramm Sprache&#8220; ist das zentrale Instrument f\u00fcr Integration und Teilhabe in Deutschland. Es verbindet Sprachf\u00f6rderung mit gesellschaftlicher und beruflicher Orientierung und erm\u00f6glicht Zugewanderten einen erfolgreichen Start. Sprachkurse schaffen nicht nur die Grundlage f\u00fcr eine aktive Teilnahme am Alltag, sondern auch f\u00fcr Bildung, Ausbildung und Besch\u00e4ftigung. Damit leisten sie einen unverzichtbaren Beitrag zur St\u00e4rkung des &hellip; <\/p>\n<p class=\"link-more\"><a href=\"https:\/\/www.vadib.de\/?p=24748\" class=\"more-link\"><span class=\"screen-reader-text\">\u201eForderungspapier &#8222;Gesamtprogramm Sprache&#8220;\u201c <\/span>weiterlesen<\/a><\/p>\n","protected":false},"author":1,"featured_media":0,"comment_status":"closed","ping_status":"closed","sticky":false,"template":"","format":"standard","meta":{"footnotes":""},"categories":[1],"tags":[],"class_list":["post-24748","post","type-post","status-publish","format-standard","hentry","category-allgemein"],"_links":{"self":[{"href":"https:\/\/www.vadib.de\/index.php?rest_route=\/wp\/v2\/posts\/24748","targetHints":{"allow":["GET"]}}],"collection":[{"href":"https:\/\/www.vadib.de\/index.php?rest_route=\/wp\/v2\/posts"}],"about":[{"href":"https:\/\/www.vadib.de\/index.php?rest_route=\/wp\/v2\/types\/post"}],"author":[{"embeddable":true,"href":"https:\/\/www.vadib.de\/index.php?rest_route=\/wp\/v2\/users\/1"}],"replies":[{"embeddable":true,"href":"https:\/\/www.vadib.de\/index.php?rest_route=%2Fwp%2Fv2%2Fcomments&post=24748"}],"version-history":[{"count":1,"href":"https:\/\/www.vadib.de\/index.php?rest_route=\/wp\/v2\/posts\/24748\/revisions"}],"predecessor-version":[{"id":24749,"href":"https:\/\/www.vadib.de\/index.php?rest_route=\/wp\/v2\/posts\/24748\/revisions\/24749"}],"wp:attachment":[{"href":"https:\/\/www.vadib.de\/index.php?rest_route=%2Fwp%2Fv2%2Fmedia&parent=24748"}],"wp:term":[{"taxonomy":"category","embeddable":true,"href":"https:\/\/www.vadib.de\/index.php?rest_route=%2Fwp%2Fv2%2Fcategories&post=24748"},{"taxonomy":"post_tag","embeddable":true,"href":"https:\/\/www.vadib.de\/index.php?rest_route=%2Fwp%2Fv2%2Ftags&post=24748"}],"curies":[{"name":"wp","href":"https:\/\/api.w.org\/{rel}","templated":true}]}}