{"id":24744,"date":"2025-09-23T09:23:25","date_gmt":"2025-09-23T07:23:25","guid":{"rendered":"https:\/\/www.vadib.de\/?p=24744"},"modified":"2025-09-23T09:23:27","modified_gmt":"2025-09-23T07:23:27","slug":"linnemann-und-bas-fuer-verschaerfungen-beim-buergergeld","status":"publish","type":"post","link":"https:\/\/www.vadib.de\/?p=24744","title":{"rendered":"Linnemann und Bas f\u00fcr Versch\u00e4rfungen beim B\u00fcrgergeld"},"content":{"rendered":"\n<figure class=\"wp-block-image size-full is-resized\"><img loading=\"lazy\" decoding=\"async\" width=\"479\" height=\"139\" src=\"https:\/\/www.vadib.de\/wp-content\/uploads\/2021\/03\/Logo_Tagesschau.png\" alt=\"\" class=\"wp-image-9656\" style=\"width:138px;height:auto\"\/><\/figure>\n\n\n\n<p>EU-Ausl\u00e4nder machen einen erheblichen Anteil bei den B\u00fcrgergeldbeziehern aus. CDU-Generalsekret\u00e4r Linnemann spricht von einer &#8222;krassen Regelungsl\u00fccke&#8220;. Auch Arbeitsministerin Bas pl\u00e4diert f\u00fcr \u00c4nderungen \u2212 beide sehen kriminelle Banden am Werk. <\/p>\n\n\n\n<p><a href=\"https:\/\/www.tagesschau.de\/inland\/innenpolitik\/buergergeld-eu-auslaender-100.html\">Beitrag lesen<\/a><\/p>\n","protected":false},"excerpt":{"rendered":"<p>EU-Ausl\u00e4nder machen einen erheblichen Anteil bei den B\u00fcrgergeldbeziehern aus. CDU-Generalsekret\u00e4r Linnemann spricht von einer &#8222;krassen Regelungsl\u00fccke&#8220;. Auch Arbeitsministerin Bas pl\u00e4diert f\u00fcr \u00c4nderungen \u2212 beide sehen kriminelle Banden am Werk. Beitrag lesen<\/p>\n","protected":false},"author":1,"featured_media":0,"comment_status":"closed","ping_status":"closed","sticky":false,"template":"","format":"standard","meta":{"footnotes":""},"categories":[1],"tags":[],"class_list":["post-24744","post","type-post","status-publish","format-standard","hentry","category-allgemein"],"_links":{"self":[{"href":"https:\/\/www.vadib.de\/index.php?rest_route=\/wp\/v2\/posts\/24744","targetHints":{"allow":["GET"]}}],"collection":[{"href":"https:\/\/www.vadib.de\/index.php?rest_route=\/wp\/v2\/posts"}],"about":[{"href":"https:\/\/www.vadib.de\/index.php?rest_route=\/wp\/v2\/types\/post"}],"author":[{"embeddable":true,"href":"https:\/\/www.vadib.de\/index.php?rest_route=\/wp\/v2\/users\/1"}],"replies":[{"embeddable":true,"href":"https:\/\/www.vadib.de\/index.php?rest_route=%2Fwp%2Fv2%2Fcomments&post=24744"}],"version-history":[{"count":1,"href":"https:\/\/www.vadib.de\/index.php?rest_route=\/wp\/v2\/posts\/24744\/revisions"}],"predecessor-version":[{"id":24745,"href":"https:\/\/www.vadib.de\/index.php?rest_route=\/wp\/v2\/posts\/24744\/revisions\/24745"}],"wp:attachment":[{"href":"https:\/\/www.vadib.de\/index.php?rest_route=%2Fwp%2Fv2%2Fmedia&parent=24744"}],"wp:term":[{"taxonomy":"category","embeddable":true,"href":"https:\/\/www.vadib.de\/index.php?rest_route=%2Fwp%2Fv2%2Fcategories&post=24744"},{"taxonomy":"post_tag","embeddable":true,"href":"https:\/\/www.vadib.de\/index.php?rest_route=%2Fwp%2Fv2%2Ftags&post=24744"}],"curies":[{"name":"wp","href":"https:\/\/api.w.org\/{rel}","templated":true}]}}