{"id":24740,"date":"2025-09-23T09:06:35","date_gmt":"2025-09-23T07:06:35","guid":{"rendered":"https:\/\/www.vadib.de\/?p=24740"},"modified":"2025-09-23T09:06:37","modified_gmt":"2025-09-23T07:06:37","slug":"ungenutzte-potenziale-migration-und-ausbildung","status":"publish","type":"post","link":"https:\/\/www.vadib.de\/?p=24740","title":{"rendered":"Ungenutzte Potenziale: Migration und Ausbildung"},"content":{"rendered":"\n<figure class=\"wp-block-image size-full is-resized\"><img loading=\"lazy\" decoding=\"async\" width=\"463\" height=\"131\" src=\"https:\/\/www.vadib.de\/wp-content\/uploads\/2021\/02\/Logo_IAB.png\" alt=\"\" class=\"wp-image-9384\" style=\"width:226px;height:auto\"\/><\/figure>\n\n\n\n<p>Junge Menschen mit Migrationshintergrund erreichen in Deutschland seltener h\u00f6here Bildungsabschl\u00fcsse als solche ohne Migrationshintergrund. Zudem ist in der ersten Gruppe der Anteil derjenigen ohne abgeschlossene Berufsausbildung deutlich h\u00f6her. Gerade in einer Situation, in der zahlreiche Ausbildungspl\u00e4tze unbesetzt bleiben und viele Fachkr\u00e4fte in den Ruhestand treten, bleiben somit wertvolle Potenziale ungenutzt.<\/p>\n\n\n\n<p><a href=\"https:\/\/iab-forum.de\/ungenutzte-potenziale-migration-und-ausbildung\/\">Beitrag lesen<\/a><\/p>\n","protected":false},"excerpt":{"rendered":"<p>Junge Menschen mit Migrationshintergrund erreichen in Deutschland seltener h\u00f6here Bildungsabschl\u00fcsse als solche ohne Migrationshintergrund. Zudem ist in der ersten Gruppe der Anteil derjenigen ohne abgeschlossene Berufsausbildung deutlich h\u00f6her. Gerade in einer Situation, in der zahlreiche Ausbildungspl\u00e4tze unbesetzt bleiben und viele Fachkr\u00e4fte in den Ruhestand treten, bleiben somit wertvolle Potenziale ungenutzt. Beitrag lesen<\/p>\n","protected":false},"author":1,"featured_media":0,"comment_status":"closed","ping_status":"closed","sticky":false,"template":"","format":"standard","meta":{"footnotes":""},"categories":[1],"tags":[],"class_list":["post-24740","post","type-post","status-publish","format-standard","hentry","category-allgemein"],"_links":{"self":[{"href":"https:\/\/www.vadib.de\/index.php?rest_route=\/wp\/v2\/posts\/24740","targetHints":{"allow":["GET"]}}],"collection":[{"href":"https:\/\/www.vadib.de\/index.php?rest_route=\/wp\/v2\/posts"}],"about":[{"href":"https:\/\/www.vadib.de\/index.php?rest_route=\/wp\/v2\/types\/post"}],"author":[{"embeddable":true,"href":"https:\/\/www.vadib.de\/index.php?rest_route=\/wp\/v2\/users\/1"}],"replies":[{"embeddable":true,"href":"https:\/\/www.vadib.de\/index.php?rest_route=%2Fwp%2Fv2%2Fcomments&post=24740"}],"version-history":[{"count":1,"href":"https:\/\/www.vadib.de\/index.php?rest_route=\/wp\/v2\/posts\/24740\/revisions"}],"predecessor-version":[{"id":24741,"href":"https:\/\/www.vadib.de\/index.php?rest_route=\/wp\/v2\/posts\/24740\/revisions\/24741"}],"wp:attachment":[{"href":"https:\/\/www.vadib.de\/index.php?rest_route=%2Fwp%2Fv2%2Fmedia&parent=24740"}],"wp:term":[{"taxonomy":"category","embeddable":true,"href":"https:\/\/www.vadib.de\/index.php?rest_route=%2Fwp%2Fv2%2Fcategories&post=24740"},{"taxonomy":"post_tag","embeddable":true,"href":"https:\/\/www.vadib.de\/index.php?rest_route=%2Fwp%2Fv2%2Ftags&post=24740"}],"curies":[{"name":"wp","href":"https:\/\/api.w.org\/{rel}","templated":true}]}}