{"id":24729,"date":"2025-09-19T13:49:54","date_gmt":"2025-09-19T11:49:54","guid":{"rendered":"https:\/\/www.vadib.de\/?p=24729"},"modified":"2025-09-19T13:49:56","modified_gmt":"2025-09-19T11:49:56","slug":"geschichtenhaus-hofft-auf-zukunft","status":"publish","type":"post","link":"https:\/\/www.vadib.de\/?p=24729","title":{"rendered":"Geschichtenhaus hofft auf Zukunft"},"content":{"rendered":"\n<figure class=\"wp-block-image size-full is-resized\"><img loading=\"lazy\" decoding=\"async\" width=\"482\" height=\"90\" src=\"https:\/\/www.vadib.de\/wp-content\/uploads\/2024\/04\/Logo_Weser-Report.png\" alt=\"\" class=\"wp-image-18777\" style=\"width:194px;height:auto\" srcset=\"https:\/\/www.vadib.de\/wp-content\/uploads\/2024\/04\/Logo_Weser-Report.png 482w, https:\/\/www.vadib.de\/wp-content\/uploads\/2024\/04\/Logo_Weser-Report-300x56.png 300w\" sizes=\"auto, (max-width: 482px) 100vw, 482px\" \/><\/figure>\n\n\n\n<p>Es sei mehr als ein Platz f\u00fcr Arbeitsmarkt-Integration \u2013 eine echte Touristenattraktion. Die sichtbare Begeisterung und das Interesse der G\u00e4ste erkl\u00e4rt auch, warum. Doch das Geschichtenhaus stehe wieder einmal auf der Kippe, wie man aus dem Umfeld h\u00f6rt. Das sagen die Leiterin und die Agentur der Arbeit dazu.<\/p>\n\n\n\n<p><a href=\"https:\/\/weserreport.de\/2025\/09\/bremen-bremen\/panorama\/geschichtenhaus-hofft-auf-zukunft\/\">Beitrag lesen<\/a><\/p>\n","protected":false},"excerpt":{"rendered":"<p>Es sei mehr als ein Platz f\u00fcr Arbeitsmarkt-Integration \u2013 eine echte Touristenattraktion. Die sichtbare Begeisterung und das Interesse der G\u00e4ste erkl\u00e4rt auch, warum. Doch das Geschichtenhaus stehe wieder einmal auf der Kippe, wie man aus dem Umfeld h\u00f6rt. Das sagen die Leiterin und die Agentur der Arbeit dazu. Beitrag lesen<\/p>\n","protected":false},"author":1,"featured_media":0,"comment_status":"closed","ping_status":"closed","sticky":false,"template":"","format":"standard","meta":{"footnotes":""},"categories":[1],"tags":[],"class_list":["post-24729","post","type-post","status-publish","format-standard","hentry","category-allgemein"],"_links":{"self":[{"href":"https:\/\/www.vadib.de\/index.php?rest_route=\/wp\/v2\/posts\/24729","targetHints":{"allow":["GET"]}}],"collection":[{"href":"https:\/\/www.vadib.de\/index.php?rest_route=\/wp\/v2\/posts"}],"about":[{"href":"https:\/\/www.vadib.de\/index.php?rest_route=\/wp\/v2\/types\/post"}],"author":[{"embeddable":true,"href":"https:\/\/www.vadib.de\/index.php?rest_route=\/wp\/v2\/users\/1"}],"replies":[{"embeddable":true,"href":"https:\/\/www.vadib.de\/index.php?rest_route=%2Fwp%2Fv2%2Fcomments&post=24729"}],"version-history":[{"count":2,"href":"https:\/\/www.vadib.de\/index.php?rest_route=\/wp\/v2\/posts\/24729\/revisions"}],"predecessor-version":[{"id":24731,"href":"https:\/\/www.vadib.de\/index.php?rest_route=\/wp\/v2\/posts\/24729\/revisions\/24731"}],"wp:attachment":[{"href":"https:\/\/www.vadib.de\/index.php?rest_route=%2Fwp%2Fv2%2Fmedia&parent=24729"}],"wp:term":[{"taxonomy":"category","embeddable":true,"href":"https:\/\/www.vadib.de\/index.php?rest_route=%2Fwp%2Fv2%2Fcategories&post=24729"},{"taxonomy":"post_tag","embeddable":true,"href":"https:\/\/www.vadib.de\/index.php?rest_route=%2Fwp%2Fv2%2Ftags&post=24729"}],"curies":[{"name":"wp","href":"https:\/\/api.w.org\/{rel}","templated":true}]}}