{"id":24727,"date":"2025-09-19T13:43:52","date_gmt":"2025-09-19T11:43:52","guid":{"rendered":"https:\/\/www.vadib.de\/?p=24727"},"modified":"2025-09-19T13:43:54","modified_gmt":"2025-09-19T11:43:54","slug":"mitarbeitende-von-berliner-frauenhaeusern-protestieren-gegen-einsparungen","status":"publish","type":"post","link":"https:\/\/www.vadib.de\/?p=24727","title":{"rendered":"Mitarbeitende von Berliner Frauenh\u00e4usern protestieren gegen Einsparungen"},"content":{"rendered":"\n<figure class=\"wp-block-image size-full is-resized\"><img loading=\"lazy\" decoding=\"async\" width=\"421\" height=\"152\" src=\"https:\/\/www.vadib.de\/wp-content\/uploads\/2020\/11\/Logo_RBB24.png\" alt=\"\" class=\"wp-image-8839\" style=\"width:110px;height:auto\"\/><\/figure>\n\n\n\n<p>Die Sparma\u00dfnahmen des Berliner Senats k\u00f6nnten auch den Gewaltschutz f\u00fcr Frauen empfindlich treffen. Mit einer Protestaktion haben Mitarbeitende von Frauenh\u00e4usern nun auf die prek\u00e4re Lage der Einrichtungen aufmerksam gemacht.<\/p>\n\n\n\n<p><a href=\"https:\/\/www.rbb24.de\/politik\/beitrag\/2025\/09\/berlin-mitte-agh-protest-aktion-frauenhaeuser-kuerzungen.html\">Beitrag lesen und anschauen<\/a><\/p>\n","protected":false},"excerpt":{"rendered":"<p>Die Sparma\u00dfnahmen des Berliner Senats k\u00f6nnten auch den Gewaltschutz f\u00fcr Frauen empfindlich treffen. Mit einer Protestaktion haben Mitarbeitende von Frauenh\u00e4usern nun auf die prek\u00e4re Lage der Einrichtungen aufmerksam gemacht. Beitrag lesen und anschauen<\/p>\n","protected":false},"author":1,"featured_media":0,"comment_status":"closed","ping_status":"closed","sticky":false,"template":"","format":"standard","meta":{"footnotes":""},"categories":[1],"tags":[],"class_list":["post-24727","post","type-post","status-publish","format-standard","hentry","category-allgemein"],"_links":{"self":[{"href":"https:\/\/www.vadib.de\/index.php?rest_route=\/wp\/v2\/posts\/24727","targetHints":{"allow":["GET"]}}],"collection":[{"href":"https:\/\/www.vadib.de\/index.php?rest_route=\/wp\/v2\/posts"}],"about":[{"href":"https:\/\/www.vadib.de\/index.php?rest_route=\/wp\/v2\/types\/post"}],"author":[{"embeddable":true,"href":"https:\/\/www.vadib.de\/index.php?rest_route=\/wp\/v2\/users\/1"}],"replies":[{"embeddable":true,"href":"https:\/\/www.vadib.de\/index.php?rest_route=%2Fwp%2Fv2%2Fcomments&post=24727"}],"version-history":[{"count":1,"href":"https:\/\/www.vadib.de\/index.php?rest_route=\/wp\/v2\/posts\/24727\/revisions"}],"predecessor-version":[{"id":24728,"href":"https:\/\/www.vadib.de\/index.php?rest_route=\/wp\/v2\/posts\/24727\/revisions\/24728"}],"wp:attachment":[{"href":"https:\/\/www.vadib.de\/index.php?rest_route=%2Fwp%2Fv2%2Fmedia&parent=24727"}],"wp:term":[{"taxonomy":"category","embeddable":true,"href":"https:\/\/www.vadib.de\/index.php?rest_route=%2Fwp%2Fv2%2Fcategories&post=24727"},{"taxonomy":"post_tag","embeddable":true,"href":"https:\/\/www.vadib.de\/index.php?rest_route=%2Fwp%2Fv2%2Ftags&post=24727"}],"curies":[{"name":"wp","href":"https:\/\/api.w.org\/{rel}","templated":true}]}}