{"id":24724,"date":"2025-09-19T13:39:52","date_gmt":"2025-09-19T11:39:52","guid":{"rendered":"https:\/\/www.vadib.de\/?p=24724"},"modified":"2025-09-19T13:39:54","modified_gmt":"2025-09-19T11:39:54","slug":"ministerin-baerbel-bas-besucht-bundesagentur-fuer-arbeit-in-nuernberg","status":"publish","type":"post","link":"https:\/\/www.vadib.de\/?p=24724","title":{"rendered":"Ministerin B\u00e4rbel Bas besucht Bundesagentur f\u00fcr Arbeit in N\u00fcrnberg"},"content":{"rendered":"\n<figure class=\"wp-block-image size-full is-resized\"><img loading=\"lazy\" decoding=\"async\" width=\"517\" height=\"164\" src=\"https:\/\/www.vadib.de\/wp-content\/uploads\/2018\/10\/Logo_Bundesagentur.png\" alt=\"\" class=\"wp-image-2413\" style=\"width:174px;height:auto\"\/><\/figure>\n\n\n\n<p>In den Gespr\u00e4chen mit Verwaltungsrat, Vorstand, Fachleuten aus den Agenturen f\u00fcr Arbeit (AA) und den Jobcentern (JC) sowie dem Institut f\u00fcr Arbeitsmarkt- und Berufsforschung (IAB) standen die Bek\u00e4mpfung von Leistungsmissbrauch und die Transformation von Arbeitsmarkt und Wirtschaft im Mittelpunkt.<\/p>\n\n\n\n<p><a href=\"https:\/\/www.arbeitsagentur.de\/presse\/2025-29-ministerin-baerbel-bas-besucht-bundesagentur-fuer-abeit-in-nuernberg\">Mitteilung lesen<\/a><\/p>\n","protected":false},"excerpt":{"rendered":"<p>In den Gespr\u00e4chen mit Verwaltungsrat, Vorstand, Fachleuten aus den Agenturen f\u00fcr Arbeit (AA) und den Jobcentern (JC) sowie dem Institut f\u00fcr Arbeitsmarkt- und Berufsforschung (IAB) standen die Bek\u00e4mpfung von Leistungsmissbrauch und die Transformation von Arbeitsmarkt und Wirtschaft im Mittelpunkt. Mitteilung lesen<\/p>\n","protected":false},"author":1,"featured_media":0,"comment_status":"closed","ping_status":"closed","sticky":false,"template":"","format":"standard","meta":{"footnotes":""},"categories":[1],"tags":[],"class_list":["post-24724","post","type-post","status-publish","format-standard","hentry","category-allgemein"],"_links":{"self":[{"href":"https:\/\/www.vadib.de\/index.php?rest_route=\/wp\/v2\/posts\/24724","targetHints":{"allow":["GET"]}}],"collection":[{"href":"https:\/\/www.vadib.de\/index.php?rest_route=\/wp\/v2\/posts"}],"about":[{"href":"https:\/\/www.vadib.de\/index.php?rest_route=\/wp\/v2\/types\/post"}],"author":[{"embeddable":true,"href":"https:\/\/www.vadib.de\/index.php?rest_route=\/wp\/v2\/users\/1"}],"replies":[{"embeddable":true,"href":"https:\/\/www.vadib.de\/index.php?rest_route=%2Fwp%2Fv2%2Fcomments&post=24724"}],"version-history":[{"count":2,"href":"https:\/\/www.vadib.de\/index.php?rest_route=\/wp\/v2\/posts\/24724\/revisions"}],"predecessor-version":[{"id":24726,"href":"https:\/\/www.vadib.de\/index.php?rest_route=\/wp\/v2\/posts\/24724\/revisions\/24726"}],"wp:attachment":[{"href":"https:\/\/www.vadib.de\/index.php?rest_route=%2Fwp%2Fv2%2Fmedia&parent=24724"}],"wp:term":[{"taxonomy":"category","embeddable":true,"href":"https:\/\/www.vadib.de\/index.php?rest_route=%2Fwp%2Fv2%2Fcategories&post=24724"},{"taxonomy":"post_tag","embeddable":true,"href":"https:\/\/www.vadib.de\/index.php?rest_route=%2Fwp%2Fv2%2Ftags&post=24724"}],"curies":[{"name":"wp","href":"https:\/\/api.w.org\/{rel}","templated":true}]}}