{"id":23878,"date":"2025-07-05T13:55:40","date_gmt":"2025-07-05T11:55:40","guid":{"rendered":"https:\/\/www.vadib.de\/?p=23878"},"modified":"2025-07-05T13:55:41","modified_gmt":"2025-07-05T11:55:41","slug":"fuer-eine-staerkung-des-buergergelds","status":"publish","type":"post","link":"https:\/\/www.vadib.de\/?p=23878","title":{"rendered":"F\u00fcr eine St\u00e4rkung des B\u00fcrgergelds"},"content":{"rendered":"\n<figure class=\"wp-block-image size-full\"><img loading=\"lazy\" decoding=\"async\" width=\"199\" height=\"49\" src=\"https:\/\/www.vadib.de\/wp-content\/uploads\/2020\/03\/Logo_Zeit.png\" alt=\"\" class=\"wp-image-6754\"\/><\/figure>\n\n\n\n<p>Das B\u00fcrgergeld soll gek\u00fcrzt werden, doch die Leistungen sind schon jetzt zu niedrig. Die Folgen: Scham, mangelnde Teilhabe und ein unw\u00fcrdiges Leben. Das muss sich \u00e4ndern. Eine Kolumne von <strong>Marcel Fratzscher<\/strong>, Deutsches Institut f\u00fcr Wirtschaftsforschung (DIW Berlin).<\/p>\n\n\n\n<p><a href=\"https:\/\/www.zeit.de\/wirtschaft\/2025-06\/buergergeld-bundesregierung-arbeitsmarkt-mindestlohn\">Kolumne lesen<\/a><\/p>\n","protected":false},"excerpt":{"rendered":"<p>Das B\u00fcrgergeld soll gek\u00fcrzt werden, doch die Leistungen sind schon jetzt zu niedrig. Die Folgen: Scham, mangelnde Teilhabe und ein unw\u00fcrdiges Leben. Das muss sich \u00e4ndern. Eine Kolumne von Marcel Fratzscher, Deutsches Institut f\u00fcr Wirtschaftsforschung (DIW Berlin). Kolumne lesen<\/p>\n","protected":false},"author":1,"featured_media":0,"comment_status":"closed","ping_status":"closed","sticky":false,"template":"","format":"standard","meta":{"footnotes":""},"categories":[1],"tags":[],"class_list":["post-23878","post","type-post","status-publish","format-standard","hentry","category-allgemein"],"_links":{"self":[{"href":"https:\/\/www.vadib.de\/index.php?rest_route=\/wp\/v2\/posts\/23878","targetHints":{"allow":["GET"]}}],"collection":[{"href":"https:\/\/www.vadib.de\/index.php?rest_route=\/wp\/v2\/posts"}],"about":[{"href":"https:\/\/www.vadib.de\/index.php?rest_route=\/wp\/v2\/types\/post"}],"author":[{"embeddable":true,"href":"https:\/\/www.vadib.de\/index.php?rest_route=\/wp\/v2\/users\/1"}],"replies":[{"embeddable":true,"href":"https:\/\/www.vadib.de\/index.php?rest_route=%2Fwp%2Fv2%2Fcomments&post=23878"}],"version-history":[{"count":1,"href":"https:\/\/www.vadib.de\/index.php?rest_route=\/wp\/v2\/posts\/23878\/revisions"}],"predecessor-version":[{"id":23879,"href":"https:\/\/www.vadib.de\/index.php?rest_route=\/wp\/v2\/posts\/23878\/revisions\/23879"}],"wp:attachment":[{"href":"https:\/\/www.vadib.de\/index.php?rest_route=%2Fwp%2Fv2%2Fmedia&parent=23878"}],"wp:term":[{"taxonomy":"category","embeddable":true,"href":"https:\/\/www.vadib.de\/index.php?rest_route=%2Fwp%2Fv2%2Fcategories&post=23878"},{"taxonomy":"post_tag","embeddable":true,"href":"https:\/\/www.vadib.de\/index.php?rest_route=%2Fwp%2Fv2%2Ftags&post=23878"}],"curies":[{"name":"wp","href":"https:\/\/api.w.org\/{rel}","templated":true}]}}