{"id":23872,"date":"2025-07-05T13:12:54","date_gmt":"2025-07-05T11:12:54","guid":{"rendered":"https:\/\/www.vadib.de\/?p=23872"},"modified":"2025-07-05T13:12:55","modified_gmt":"2025-07-05T11:12:55","slug":"die-meisten-buergergeldempfaenger-heissen-michael-andreas-und-thomas","status":"publish","type":"post","link":"https:\/\/www.vadib.de\/?p=23872","title":{"rendered":"Die meisten B\u00fcrgergeldempf\u00e4nger hei\u00dfen Michael, Andreas und Thomas"},"content":{"rendered":"\n<figure class=\"wp-block-image size-full is-resized\"><img loading=\"lazy\" decoding=\"async\" width=\"302\" height=\"71\" src=\"https:\/\/www.vadib.de\/wp-content\/uploads\/2019\/06\/Logo_RP-Online.png\" alt=\"\" class=\"wp-image-4842\" style=\"width:149px;height:auto\"\/><\/figure>\n\n\n\n<p>Die AfD hat die h\u00e4ufigsten Vornamen von B\u00fcrgergeldempf\u00e4ngern erfragt. Das Ergebnis ist eindeutig &#8211; und die Namen klingen ganz sch\u00f6n deutsch. Vermutlich hat die Partei etwas anderes erwartet oder erhofft.<\/p>\n\n\n\n<p><a href=\"https:\/\/rp-online.de\/politik\/deutschland\/afd-fragt-vornamen-ab-die-meisten-buergergeldempfaenger-heissen-michael-andreas-und-thomas_aid-130369005\">Beitrag lesen<\/a><\/p>\n","protected":false},"excerpt":{"rendered":"<p>Die AfD hat die h\u00e4ufigsten Vornamen von B\u00fcrgergeldempf\u00e4ngern erfragt. Das Ergebnis ist eindeutig &#8211; und die Namen klingen ganz sch\u00f6n deutsch. Vermutlich hat die Partei etwas anderes erwartet oder erhofft. Beitrag lesen<\/p>\n","protected":false},"author":1,"featured_media":0,"comment_status":"closed","ping_status":"closed","sticky":false,"template":"","format":"standard","meta":{"footnotes":""},"categories":[1],"tags":[],"class_list":["post-23872","post","type-post","status-publish","format-standard","hentry","category-allgemein"],"_links":{"self":[{"href":"https:\/\/www.vadib.de\/index.php?rest_route=\/wp\/v2\/posts\/23872","targetHints":{"allow":["GET"]}}],"collection":[{"href":"https:\/\/www.vadib.de\/index.php?rest_route=\/wp\/v2\/posts"}],"about":[{"href":"https:\/\/www.vadib.de\/index.php?rest_route=\/wp\/v2\/types\/post"}],"author":[{"embeddable":true,"href":"https:\/\/www.vadib.de\/index.php?rest_route=\/wp\/v2\/users\/1"}],"replies":[{"embeddable":true,"href":"https:\/\/www.vadib.de\/index.php?rest_route=%2Fwp%2Fv2%2Fcomments&post=23872"}],"version-history":[{"count":1,"href":"https:\/\/www.vadib.de\/index.php?rest_route=\/wp\/v2\/posts\/23872\/revisions"}],"predecessor-version":[{"id":23873,"href":"https:\/\/www.vadib.de\/index.php?rest_route=\/wp\/v2\/posts\/23872\/revisions\/23873"}],"wp:attachment":[{"href":"https:\/\/www.vadib.de\/index.php?rest_route=%2Fwp%2Fv2%2Fmedia&parent=23872"}],"wp:term":[{"taxonomy":"category","embeddable":true,"href":"https:\/\/www.vadib.de\/index.php?rest_route=%2Fwp%2Fv2%2Fcategories&post=23872"},{"taxonomy":"post_tag","embeddable":true,"href":"https:\/\/www.vadib.de\/index.php?rest_route=%2Fwp%2Fv2%2Ftags&post=23872"}],"curies":[{"name":"wp","href":"https:\/\/api.w.org\/{rel}","templated":true}]}}