{"id":23868,"date":"2025-07-04T17:45:48","date_gmt":"2025-07-04T15:45:48","guid":{"rendered":"https:\/\/www.vadib.de\/?p=23868"},"modified":"2025-07-04T17:45:49","modified_gmt":"2025-07-04T15:45:49","slug":"tarifvertragliche-ausbildungsverguetungen-2025","status":"publish","type":"post","link":"https:\/\/www.vadib.de\/?p=23868","title":{"rendered":"Tarifvertragliche Ausbildungsverg\u00fctungen 2025"},"content":{"rendered":"\n<figure class=\"wp-block-image size-full is-resized\"><img loading=\"lazy\" decoding=\"async\" width=\"236\" height=\"179\" src=\"https:\/\/www.vadib.de\/wp-content\/uploads\/2019\/06\/Logo_WSI.png\" alt=\"\" class=\"wp-image-5011\" style=\"width:100px;height:auto\"\/><\/figure>\n\n\n\n<p>Die tarifvertraglichen Ausbildungsverg\u00fctungen liegen kaum mehr unter 1.000 Euro im Monat. Der Fachkr\u00e4ftemangel hat in vielen Tarifbranchen zu \u00fcberdurchschnittlichen Erh\u00f6hungen gef\u00fchrt.<\/p>\n\n\n\n<p><a href=\"https:\/\/www.wsi.de\/fpdf\/HBS-009158\/p_ta_analysen_tarifpolitik_110_2025.pdf\">Analyse lesen<\/a><\/p>\n","protected":false},"excerpt":{"rendered":"<p>Die tarifvertraglichen Ausbildungsverg\u00fctungen liegen kaum mehr unter 1.000 Euro im Monat. Der Fachkr\u00e4ftemangel hat in vielen Tarifbranchen zu \u00fcberdurchschnittlichen Erh\u00f6hungen gef\u00fchrt. Analyse lesen<\/p>\n","protected":false},"author":1,"featured_media":0,"comment_status":"closed","ping_status":"closed","sticky":false,"template":"","format":"standard","meta":{"footnotes":""},"categories":[1],"tags":[],"class_list":["post-23868","post","type-post","status-publish","format-standard","hentry","category-allgemein"],"_links":{"self":[{"href":"https:\/\/www.vadib.de\/index.php?rest_route=\/wp\/v2\/posts\/23868","targetHints":{"allow":["GET"]}}],"collection":[{"href":"https:\/\/www.vadib.de\/index.php?rest_route=\/wp\/v2\/posts"}],"about":[{"href":"https:\/\/www.vadib.de\/index.php?rest_route=\/wp\/v2\/types\/post"}],"author":[{"embeddable":true,"href":"https:\/\/www.vadib.de\/index.php?rest_route=\/wp\/v2\/users\/1"}],"replies":[{"embeddable":true,"href":"https:\/\/www.vadib.de\/index.php?rest_route=%2Fwp%2Fv2%2Fcomments&post=23868"}],"version-history":[{"count":1,"href":"https:\/\/www.vadib.de\/index.php?rest_route=\/wp\/v2\/posts\/23868\/revisions"}],"predecessor-version":[{"id":23869,"href":"https:\/\/www.vadib.de\/index.php?rest_route=\/wp\/v2\/posts\/23868\/revisions\/23869"}],"wp:attachment":[{"href":"https:\/\/www.vadib.de\/index.php?rest_route=%2Fwp%2Fv2%2Fmedia&parent=23868"}],"wp:term":[{"taxonomy":"category","embeddable":true,"href":"https:\/\/www.vadib.de\/index.php?rest_route=%2Fwp%2Fv2%2Fcategories&post=23868"},{"taxonomy":"post_tag","embeddable":true,"href":"https:\/\/www.vadib.de\/index.php?rest_route=%2Fwp%2Fv2%2Ftags&post=23868"}],"curies":[{"name":"wp","href":"https:\/\/api.w.org\/{rel}","templated":true}]}}