{"id":23857,"date":"2025-07-04T17:05:20","date_gmt":"2025-07-04T15:05:20","guid":{"rendered":"https:\/\/www.vadib.de\/?p=23857"},"modified":"2025-07-04T17:05:22","modified_gmt":"2025-07-04T15:05:22","slug":"begleitevaluation-der-arbeitsmarktpolitischen-integrationsmassnahmen-fuer-gefluechtete","status":"publish","type":"post","link":"https:\/\/www.vadib.de\/?p=23857","title":{"rendered":"Begleitevaluation der arbeitsmarktpolitischen Integrationsma\u00dfnahmen f\u00fcr Gefl\u00fcchtete"},"content":{"rendered":"\n<figure class=\"wp-block-image size-full\"><img loading=\"lazy\" decoding=\"async\" width=\"179\" height=\"80\" src=\"https:\/\/www.vadib.de\/wp-content\/uploads\/2018\/01\/Logo_BMAS.png\" alt=\"\" class=\"wp-image-1100\"\/><\/figure>\n\n\n\n<p>In dem Bericht werden wissenschaftliche Erkenntnisse zu den langfristigen Effekten von f\u00fcnf zentralen Instrumenten der Arbeitsf\u00f6rderung in den Rechtskreisen SGB II und SGB III f\u00fcr Gefl\u00fcchtete pr\u00e4sentiert. Auf Basis der neuen Erkenntnisse werden Empfehlungen gegeben, um die Arbeitsmarktintegration von Gefl\u00fcchteten weiter zu verbessern.<\/p>\n\n\n\n<p><a href=\"https:\/\/www.bmas.de\/SharedDocs\/Downloads\/DE\/Publikationen\/Forschungsberichte\/fb-659-begleitevaluation-integrationsmassnahmen-langfristige-effekte.pdf?__blob=publicationFile&amp;v=2\">Bericht lesen<\/a><\/p>\n","protected":false},"excerpt":{"rendered":"<p>In dem Bericht werden wissenschaftliche Erkenntnisse zu den langfristigen Effekten von f\u00fcnf zentralen Instrumenten der Arbeitsf\u00f6rderung in den Rechtskreisen SGB II und SGB III f\u00fcr Gefl\u00fcchtete pr\u00e4sentiert. Auf Basis der neuen Erkenntnisse werden Empfehlungen gegeben, um die Arbeitsmarktintegration von Gefl\u00fcchteten weiter zu verbessern. Bericht lesen<\/p>\n","protected":false},"author":1,"featured_media":0,"comment_status":"closed","ping_status":"closed","sticky":false,"template":"","format":"standard","meta":{"footnotes":""},"categories":[1],"tags":[],"class_list":["post-23857","post","type-post","status-publish","format-standard","hentry","category-allgemein"],"_links":{"self":[{"href":"https:\/\/www.vadib.de\/index.php?rest_route=\/wp\/v2\/posts\/23857","targetHints":{"allow":["GET"]}}],"collection":[{"href":"https:\/\/www.vadib.de\/index.php?rest_route=\/wp\/v2\/posts"}],"about":[{"href":"https:\/\/www.vadib.de\/index.php?rest_route=\/wp\/v2\/types\/post"}],"author":[{"embeddable":true,"href":"https:\/\/www.vadib.de\/index.php?rest_route=\/wp\/v2\/users\/1"}],"replies":[{"embeddable":true,"href":"https:\/\/www.vadib.de\/index.php?rest_route=%2Fwp%2Fv2%2Fcomments&post=23857"}],"version-history":[{"count":2,"href":"https:\/\/www.vadib.de\/index.php?rest_route=\/wp\/v2\/posts\/23857\/revisions"}],"predecessor-version":[{"id":23859,"href":"https:\/\/www.vadib.de\/index.php?rest_route=\/wp\/v2\/posts\/23857\/revisions\/23859"}],"wp:attachment":[{"href":"https:\/\/www.vadib.de\/index.php?rest_route=%2Fwp%2Fv2%2Fmedia&parent=23857"}],"wp:term":[{"taxonomy":"category","embeddable":true,"href":"https:\/\/www.vadib.de\/index.php?rest_route=%2Fwp%2Fv2%2Fcategories&post=23857"},{"taxonomy":"post_tag","embeddable":true,"href":"https:\/\/www.vadib.de\/index.php?rest_route=%2Fwp%2Fv2%2Ftags&post=23857"}],"curies":[{"name":"wp","href":"https:\/\/api.w.org\/{rel}","templated":true}]}}