{"id":23854,"date":"2025-07-02T16:16:44","date_gmt":"2025-07-02T14:16:44","guid":{"rendered":"https:\/\/www.vadib.de\/?p=23854"},"modified":"2025-07-02T16:16:45","modified_gmt":"2025-07-02T14:16:45","slug":"bundesnetzwerk-zum-haushaltsentwurf-wer-arbeitsintegration-fordert-muss-diese-auch-ermoeglichen","status":"publish","type":"post","link":"https:\/\/www.vadib.de\/?p=23854","title":{"rendered":"Bundesnetzwerk zum Haushaltsentwurf: Wer Arbeitsintegration fordert, muss diese auch erm\u00f6glichen!"},"content":{"rendered":"\n<figure class=\"wp-block-image size-full is-resized\"><img loading=\"lazy\" decoding=\"async\" width=\"266\" height=\"80\" src=\"https:\/\/www.vadib.de\/wp-content\/uploads\/2024\/09\/Logo_Bundesnetzwerk.png\" alt=\"\" class=\"wp-image-20454\" style=\"width:155px;height:auto\"\/><\/figure>\n\n\n\n<p>Der aktuelle Haushaltsentwurf der Bundesregierung f\u00fcr 2025 sieht formal eine Erh\u00f6hung der Eingliederungsmittel im SGB II vor. Das <strong>Bundesnetzwerk f\u00fcr Arbeit und soziale Teilhabe<\/strong> bewertet diese Entwicklung dennoch kritisch: Die geplanten Mittel k\u00f6nnen ihre Wirkung nicht entfalten, da gleichzeitig die Verwaltungsausgaben f\u00fcr die Jobcenter massiv gek\u00fcrzt und somit die Jobcenter gezwungen werden, die fehlenden Gelder aus den Eingliederungsmitteln zu nehmen.<\/p>\n\n\n\n<p><a href=\"https:\/\/cdn.website-editor.net\/s\/6d90e98a621d401fb87c4f73d049e4c8\/files\/uploaded\/250702_Presseinformation+Haushaltsentwurf+Bundesregierung-f55fc0ae.pdf?Expires=1754056127&amp;Signature=FsttoqAK7a-he0QHTBdCBddjG52aViNSDqgtKfuUX5yqFrdeplKGkUgRgwKceiA0QSRzSjsbgpfbxwaFBkkmQHJkuF3HG5xh5PWqoPOrnFDl~ksR8BZWITAYE~AkWr3CM~iilpXxVrjyL~b-nync5iNVHLfLXJAS9-xN9uVT8KDKr6XTffLxN1niET27yx54RWmSboF3ZtU8jFqUUmdJcGVMSvcjEBBninuDQ3ehXN4vwvQc3jabZWQBTDbm3BxoO0BhiArAlvmP40drv0q8Edkp0xCe6U6UZOdettl8SbpnEzFP3HtJ0mM-OHWbbRyDWBUJPwkznU~HTJbr3LWVng__&amp;Key-Pair-Id=K2NXBXLF010TJW\">Mitteilung lesen<\/a><\/p>\n","protected":false},"excerpt":{"rendered":"<p>Der aktuelle Haushaltsentwurf der Bundesregierung f\u00fcr 2025 sieht formal eine Erh\u00f6hung der Eingliederungsmittel im SGB II vor. Das Bundesnetzwerk f\u00fcr Arbeit und soziale Teilhabe bewertet diese Entwicklung dennoch kritisch: Die geplanten Mittel k\u00f6nnen ihre Wirkung nicht entfalten, da gleichzeitig die Verwaltungsausgaben f\u00fcr die Jobcenter massiv gek\u00fcrzt und somit die Jobcenter gezwungen werden, die fehlenden Gelder &hellip; <\/p>\n<p class=\"link-more\"><a href=\"https:\/\/www.vadib.de\/?p=23854\" class=\"more-link\"><span class=\"screen-reader-text\">\u201eBundesnetzwerk zum Haushaltsentwurf: Wer Arbeitsintegration fordert, muss diese auch erm\u00f6glichen!\u201c <\/span>weiterlesen<\/a><\/p>\n","protected":false},"author":1,"featured_media":0,"comment_status":"closed","ping_status":"closed","sticky":false,"template":"","format":"standard","meta":{"footnotes":""},"categories":[1],"tags":[],"class_list":["post-23854","post","type-post","status-publish","format-standard","hentry","category-allgemein"],"_links":{"self":[{"href":"https:\/\/www.vadib.de\/index.php?rest_route=\/wp\/v2\/posts\/23854","targetHints":{"allow":["GET"]}}],"collection":[{"href":"https:\/\/www.vadib.de\/index.php?rest_route=\/wp\/v2\/posts"}],"about":[{"href":"https:\/\/www.vadib.de\/index.php?rest_route=\/wp\/v2\/types\/post"}],"author":[{"embeddable":true,"href":"https:\/\/www.vadib.de\/index.php?rest_route=\/wp\/v2\/users\/1"}],"replies":[{"embeddable":true,"href":"https:\/\/www.vadib.de\/index.php?rest_route=%2Fwp%2Fv2%2Fcomments&post=23854"}],"version-history":[{"count":2,"href":"https:\/\/www.vadib.de\/index.php?rest_route=\/wp\/v2\/posts\/23854\/revisions"}],"predecessor-version":[{"id":23856,"href":"https:\/\/www.vadib.de\/index.php?rest_route=\/wp\/v2\/posts\/23854\/revisions\/23856"}],"wp:attachment":[{"href":"https:\/\/www.vadib.de\/index.php?rest_route=%2Fwp%2Fv2%2Fmedia&parent=23854"}],"wp:term":[{"taxonomy":"category","embeddable":true,"href":"https:\/\/www.vadib.de\/index.php?rest_route=%2Fwp%2Fv2%2Fcategories&post=23854"},{"taxonomy":"post_tag","embeddable":true,"href":"https:\/\/www.vadib.de\/index.php?rest_route=%2Fwp%2Fv2%2Ftags&post=23854"}],"curies":[{"name":"wp","href":"https:\/\/api.w.org\/{rel}","templated":true}]}}