{"id":23850,"date":"2025-07-02T13:01:35","date_gmt":"2025-07-02T11:01:35","guid":{"rendered":"https:\/\/www.vadib.de\/?p=23850"},"modified":"2025-07-02T13:01:36","modified_gmt":"2025-07-02T11:01:36","slug":"buergergeld-protokolle-prekaerer-gehts-nicht","status":"publish","type":"post","link":"https:\/\/www.vadib.de\/?p=23850","title":{"rendered":"B\u00fcrgergeld-Protokolle: &#8222;Prek\u00e4rer geht&#8217;s nicht&#8220;"},"content":{"rendered":"\n<figure class=\"wp-block-image size-full is-resized\"><img loading=\"lazy\" decoding=\"async\" width=\"298\" height=\"113\" src=\"https:\/\/www.vadib.de\/wp-content\/uploads\/2022\/10\/Logo_T-Online_Nachrichten.png\" alt=\"\" class=\"wp-image-13386\" style=\"width:126px;height:auto\"\/><\/figure>\n\n\n\n<p>Krankheit, K\u00fcndigung oder keine Lust: Es gibt viele Gr\u00fcnde, warum Menschen B\u00fcrgergeld beziehen. Das System soll nun reformiert werden. Doch wie blicken Betroffene auf die angek\u00fcndigten \u00c4nderungen? Dazu hat t-online mit mehreren Menschen gesprochen und ihre Geschichten protokolliert.<\/p>\n\n\n\n<p><a href=\"https:\/\/www.t-online.de\/nachrichten\/deutschland\/gesellschaft\/id_100698670\/buergergeld-empfaenger-merz-wuerde-nicht-gefallen-was-ich-mache-.html\">Beitrag lesen<\/a><\/p>\n","protected":false},"excerpt":{"rendered":"<p>Krankheit, K\u00fcndigung oder keine Lust: Es gibt viele Gr\u00fcnde, warum Menschen B\u00fcrgergeld beziehen. Das System soll nun reformiert werden. Doch wie blicken Betroffene auf die angek\u00fcndigten \u00c4nderungen? Dazu hat t-online mit mehreren Menschen gesprochen und ihre Geschichten protokolliert. Beitrag lesen<\/p>\n","protected":false},"author":1,"featured_media":0,"comment_status":"closed","ping_status":"closed","sticky":false,"template":"","format":"standard","meta":{"footnotes":""},"categories":[1],"tags":[],"class_list":["post-23850","post","type-post","status-publish","format-standard","hentry","category-allgemein"],"_links":{"self":[{"href":"https:\/\/www.vadib.de\/index.php?rest_route=\/wp\/v2\/posts\/23850","targetHints":{"allow":["GET"]}}],"collection":[{"href":"https:\/\/www.vadib.de\/index.php?rest_route=\/wp\/v2\/posts"}],"about":[{"href":"https:\/\/www.vadib.de\/index.php?rest_route=\/wp\/v2\/types\/post"}],"author":[{"embeddable":true,"href":"https:\/\/www.vadib.de\/index.php?rest_route=\/wp\/v2\/users\/1"}],"replies":[{"embeddable":true,"href":"https:\/\/www.vadib.de\/index.php?rest_route=%2Fwp%2Fv2%2Fcomments&post=23850"}],"version-history":[{"count":1,"href":"https:\/\/www.vadib.de\/index.php?rest_route=\/wp\/v2\/posts\/23850\/revisions"}],"predecessor-version":[{"id":23851,"href":"https:\/\/www.vadib.de\/index.php?rest_route=\/wp\/v2\/posts\/23850\/revisions\/23851"}],"wp:attachment":[{"href":"https:\/\/www.vadib.de\/index.php?rest_route=%2Fwp%2Fv2%2Fmedia&parent=23850"}],"wp:term":[{"taxonomy":"category","embeddable":true,"href":"https:\/\/www.vadib.de\/index.php?rest_route=%2Fwp%2Fv2%2Fcategories&post=23850"},{"taxonomy":"post_tag","embeddable":true,"href":"https:\/\/www.vadib.de\/index.php?rest_route=%2Fwp%2Fv2%2Ftags&post=23850"}],"curies":[{"name":"wp","href":"https:\/\/api.w.org\/{rel}","templated":true}]}}