{"id":23835,"date":"2025-07-01T12:04:04","date_gmt":"2025-07-01T10:04:04","guid":{"rendered":"https:\/\/www.vadib.de\/?p=23835"},"modified":"2025-07-01T12:04:06","modified_gmt":"2025-07-01T10:04:06","slug":"arbeitsmarkt-im-oktober-2023-2-2-2-2-2-2-2-3-2-3-2-2-3-2-3-2-2-3-2-2","status":"publish","type":"post","link":"https:\/\/www.vadib.de\/?p=23835","title":{"rendered":"Arbeitsmarkt im Juni 2025"},"content":{"rendered":"\n<figure class=\"wp-block-image size-full is-resized\"><img loading=\"lazy\" decoding=\"async\" width=\"493\" height=\"102\" src=\"https:\/\/www.vadib.de\/wp-content\/uploads\/2024\/07\/Logo_Bundesgantur-fuer-Arbeit.png\" alt=\"\" class=\"wp-image-20160\" style=\"width:173px;height:auto\" srcset=\"https:\/\/www.vadib.de\/wp-content\/uploads\/2024\/07\/Logo_Bundesgantur-fuer-Arbeit.png 493w, https:\/\/www.vadib.de\/wp-content\/uploads\/2024\/07\/Logo_Bundesgantur-fuer-Arbeit-300x62.png 300w\" sizes=\"auto, (max-width: 493px) 100vw, 493px\" \/><\/figure>\n\n\n\n<p>\u201eAm Arbeitsmarkt zeigen sich weiterhin Spuren der konjunkturellen Schw\u00e4che. Die Arbeitslosigkeit entwickelt sich weiter ung\u00fcnstig. Und die Einstellungsbereitschaft der Unternehmen bleibt gering\u201c, sagte die Vorstandsvorsitzende der Bundesagentur f\u00fcr Arbeit (BA),<strong> Andrea Nahles<\/strong>, heute anl\u00e4sslich der monatlichen Pressekonferenz in N\u00fcrnberg.<\/p>\n\n\n\n<p><a href=\"https:\/\/www.arbeitsagentur.de\/presse\/2025-31-arbeitsmarkt-im-juni-2025\">Mitteilung lesen<\/a><br><a href=\"https:\/\/www.arbeitsagentur.de\/datei\/arbeitsmarktbericht-juni-2025_ba053433.pdf\">Monatsbericht zum Arbeits- und Ausbildungsmarkt lesen<\/a><\/p>\n","protected":false},"excerpt":{"rendered":"<p>\u201eAm Arbeitsmarkt zeigen sich weiterhin Spuren der konjunkturellen Schw\u00e4che. Die Arbeitslosigkeit entwickelt sich weiter ung\u00fcnstig. Und die Einstellungsbereitschaft der Unternehmen bleibt gering\u201c, sagte die Vorstandsvorsitzende der Bundesagentur f\u00fcr Arbeit (BA), Andrea Nahles, heute anl\u00e4sslich der monatlichen Pressekonferenz in N\u00fcrnberg. Mitteilung lesenMonatsbericht zum Arbeits- und Ausbildungsmarkt lesen<\/p>\n","protected":false},"author":1,"featured_media":0,"comment_status":"closed","ping_status":"closed","sticky":false,"template":"","format":"standard","meta":{"footnotes":""},"categories":[1],"tags":[],"class_list":["post-23835","post","type-post","status-publish","format-standard","hentry","category-allgemein"],"_links":{"self":[{"href":"https:\/\/www.vadib.de\/index.php?rest_route=\/wp\/v2\/posts\/23835","targetHints":{"allow":["GET"]}}],"collection":[{"href":"https:\/\/www.vadib.de\/index.php?rest_route=\/wp\/v2\/posts"}],"about":[{"href":"https:\/\/www.vadib.de\/index.php?rest_route=\/wp\/v2\/types\/post"}],"author":[{"embeddable":true,"href":"https:\/\/www.vadib.de\/index.php?rest_route=\/wp\/v2\/users\/1"}],"replies":[{"embeddable":true,"href":"https:\/\/www.vadib.de\/index.php?rest_route=%2Fwp%2Fv2%2Fcomments&post=23835"}],"version-history":[{"count":1,"href":"https:\/\/www.vadib.de\/index.php?rest_route=\/wp\/v2\/posts\/23835\/revisions"}],"predecessor-version":[{"id":23836,"href":"https:\/\/www.vadib.de\/index.php?rest_route=\/wp\/v2\/posts\/23835\/revisions\/23836"}],"wp:attachment":[{"href":"https:\/\/www.vadib.de\/index.php?rest_route=%2Fwp%2Fv2%2Fmedia&parent=23835"}],"wp:term":[{"taxonomy":"category","embeddable":true,"href":"https:\/\/www.vadib.de\/index.php?rest_route=%2Fwp%2Fv2%2Fcategories&post=23835"},{"taxonomy":"post_tag","embeddable":true,"href":"https:\/\/www.vadib.de\/index.php?rest_route=%2Fwp%2Fv2%2Ftags&post=23835"}],"curies":[{"name":"wp","href":"https:\/\/api.w.org\/{rel}","templated":true}]}}