{"id":23828,"date":"2025-06-30T16:11:05","date_gmt":"2025-06-30T14:11:05","guid":{"rendered":"https:\/\/www.vadib.de\/?p=23828"},"modified":"2025-06-30T16:11:07","modified_gmt":"2025-06-30T14:11:07","slug":"gut-geruestet-bildung-in-zeiten-der-transformation-2","status":"publish","type":"post","link":"https:\/\/www.vadib.de\/?p=23828","title":{"rendered":"Arbeitsmarktintegration von gefl\u00fcchteten Frauen"},"content":{"rendered":"\n<figure class=\"wp-block-image size-full is-resized\"><img loading=\"lazy\" decoding=\"async\" width=\"463\" height=\"131\" src=\"https:\/\/www.vadib.de\/wp-content\/uploads\/2021\/02\/Logo_IAB.png\" alt=\"\" class=\"wp-image-9384\" style=\"width:228px;height:auto\"\/><\/figure>\n\n\n\n<p>Die Erwerbst\u00e4tigenquoten gefl\u00fcchteter Frauen sind im Durchschnitt deutlich geringer als die gefl\u00fcchteter M\u00e4nner. Studien zu Gefl\u00fcchteten, die in den letzten Jahren nach Deutschland gekommen sind, belegen, dass Sorgepflichten, fehlende Deutschkenntnisse und die Anerkennung ausl\u00e4ndischer Absch\u00fcsse die zentralen geschlechtsbedingten H\u00fcrden darstellen.<\/p>\n\n\n\n<p><a href=\"https:\/\/iab-forum.de\/arbeitsmarktintegration-von-gefluechteten-frauen-grosses-potenzial-und-viele-herausforderungen\/\">Beitrag lesen<\/a><\/p>\n","protected":false},"excerpt":{"rendered":"<p>Die Erwerbst\u00e4tigenquoten gefl\u00fcchteter Frauen sind im Durchschnitt deutlich geringer als die gefl\u00fcchteter M\u00e4nner. Studien zu Gefl\u00fcchteten, die in den letzten Jahren nach Deutschland gekommen sind, belegen, dass Sorgepflichten, fehlende Deutschkenntnisse und die Anerkennung ausl\u00e4ndischer Absch\u00fcsse die zentralen geschlechtsbedingten H\u00fcrden darstellen. Beitrag lesen<\/p>\n","protected":false},"author":1,"featured_media":0,"comment_status":"closed","ping_status":"closed","sticky":false,"template":"","format":"standard","meta":{"footnotes":""},"categories":[1],"tags":[],"class_list":["post-23828","post","type-post","status-publish","format-standard","hentry","category-allgemein"],"_links":{"self":[{"href":"https:\/\/www.vadib.de\/index.php?rest_route=\/wp\/v2\/posts\/23828","targetHints":{"allow":["GET"]}}],"collection":[{"href":"https:\/\/www.vadib.de\/index.php?rest_route=\/wp\/v2\/posts"}],"about":[{"href":"https:\/\/www.vadib.de\/index.php?rest_route=\/wp\/v2\/types\/post"}],"author":[{"embeddable":true,"href":"https:\/\/www.vadib.de\/index.php?rest_route=\/wp\/v2\/users\/1"}],"replies":[{"embeddable":true,"href":"https:\/\/www.vadib.de\/index.php?rest_route=%2Fwp%2Fv2%2Fcomments&post=23828"}],"version-history":[{"count":1,"href":"https:\/\/www.vadib.de\/index.php?rest_route=\/wp\/v2\/posts\/23828\/revisions"}],"predecessor-version":[{"id":23829,"href":"https:\/\/www.vadib.de\/index.php?rest_route=\/wp\/v2\/posts\/23828\/revisions\/23829"}],"wp:attachment":[{"href":"https:\/\/www.vadib.de\/index.php?rest_route=%2Fwp%2Fv2%2Fmedia&parent=23828"}],"wp:term":[{"taxonomy":"category","embeddable":true,"href":"https:\/\/www.vadib.de\/index.php?rest_route=%2Fwp%2Fv2%2Fcategories&post=23828"},{"taxonomy":"post_tag","embeddable":true,"href":"https:\/\/www.vadib.de\/index.php?rest_route=%2Fwp%2Fv2%2Ftags&post=23828"}],"curies":[{"name":"wp","href":"https:\/\/api.w.org\/{rel}","templated":true}]}}