{"id":23814,"date":"2025-06-30T12:46:40","date_gmt":"2025-06-30T10:46:40","guid":{"rendered":"https:\/\/www.vadib.de\/?p=23814"},"modified":"2025-06-30T12:46:41","modified_gmt":"2025-06-30T10:46:41","slug":"anja-piel-uebernimmt-den-vorsitz-des-ba-verwaltungsrates","status":"publish","type":"post","link":"https:\/\/www.vadib.de\/?p=23814","title":{"rendered":"Anja Piel \u00fcbernimmt den Vorsitz des BA-Verwaltungsrates"},"content":{"rendered":"\n<figure class=\"wp-block-image size-full is-resized\"><img loading=\"lazy\" decoding=\"async\" width=\"517\" height=\"164\" src=\"https:\/\/www.vadib.de\/wp-content\/uploads\/2018\/10\/Logo_Bundesagentur.png\" alt=\"\" class=\"wp-image-2413\" style=\"width:202px;height:auto\"\/><\/figure>\n\n\n\n<p>Der Verwaltungsrat der Bundesagentur f\u00fcr Arbeit (BA) hat <strong>Anja Piel<\/strong> zum 1. Juli 2025 zur Vorsitzenden gew\u00e4hlt. Sie ist Mitglied des Gesch\u00e4ftsf\u00fchrenden Bundesvorstandes des Deutschen Gewerkschaftsbundes (DGB). Zur stellvertretenden Vorsitzenden wurde <strong>Christina Ramb<\/strong>, Mitglied der Hauptgesch\u00e4ftsf\u00fchrung der Bundesvereinigung der Deutschen Arbeitgeberverb\u00e4nde (BDA), gew\u00e4hlt.<\/p>\n\n\n\n<p><a href=\"https:\/\/www.arbeitsagentur.de\/presse\/2025-30-anja-piel-uebernimmt-den-vorsitz-des-ba-erwaltungsrates\">Mitteilung lesen<\/a><\/p>\n","protected":false},"excerpt":{"rendered":"<p>Der Verwaltungsrat der Bundesagentur f\u00fcr Arbeit (BA) hat Anja Piel zum 1. Juli 2025 zur Vorsitzenden gew\u00e4hlt. Sie ist Mitglied des Gesch\u00e4ftsf\u00fchrenden Bundesvorstandes des Deutschen Gewerkschaftsbundes (DGB). Zur stellvertretenden Vorsitzenden wurde Christina Ramb, Mitglied der Hauptgesch\u00e4ftsf\u00fchrung der Bundesvereinigung der Deutschen Arbeitgeberverb\u00e4nde (BDA), gew\u00e4hlt. Mitteilung lesen<\/p>\n","protected":false},"author":1,"featured_media":0,"comment_status":"closed","ping_status":"closed","sticky":false,"template":"","format":"standard","meta":{"footnotes":""},"categories":[1],"tags":[],"class_list":["post-23814","post","type-post","status-publish","format-standard","hentry","category-allgemein"],"_links":{"self":[{"href":"https:\/\/www.vadib.de\/index.php?rest_route=\/wp\/v2\/posts\/23814","targetHints":{"allow":["GET"]}}],"collection":[{"href":"https:\/\/www.vadib.de\/index.php?rest_route=\/wp\/v2\/posts"}],"about":[{"href":"https:\/\/www.vadib.de\/index.php?rest_route=\/wp\/v2\/types\/post"}],"author":[{"embeddable":true,"href":"https:\/\/www.vadib.de\/index.php?rest_route=\/wp\/v2\/users\/1"}],"replies":[{"embeddable":true,"href":"https:\/\/www.vadib.de\/index.php?rest_route=%2Fwp%2Fv2%2Fcomments&post=23814"}],"version-history":[{"count":1,"href":"https:\/\/www.vadib.de\/index.php?rest_route=\/wp\/v2\/posts\/23814\/revisions"}],"predecessor-version":[{"id":23815,"href":"https:\/\/www.vadib.de\/index.php?rest_route=\/wp\/v2\/posts\/23814\/revisions\/23815"}],"wp:attachment":[{"href":"https:\/\/www.vadib.de\/index.php?rest_route=%2Fwp%2Fv2%2Fmedia&parent=23814"}],"wp:term":[{"taxonomy":"category","embeddable":true,"href":"https:\/\/www.vadib.de\/index.php?rest_route=%2Fwp%2Fv2%2Fcategories&post=23814"},{"taxonomy":"post_tag","embeddable":true,"href":"https:\/\/www.vadib.de\/index.php?rest_route=%2Fwp%2Fv2%2Ftags&post=23814"}],"curies":[{"name":"wp","href":"https:\/\/api.w.org\/{rel}","templated":true}]}}