{"id":23796,"date":"2025-06-28T16:01:56","date_gmt":"2025-06-28T14:01:56","guid":{"rendered":"https:\/\/www.vadib.de\/?p=23796"},"modified":"2025-06-28T16:01:57","modified_gmt":"2025-06-28T14:01:57","slug":"mindestlohn-steigt-in-zwei-schritten-auf-1460-euro","status":"publish","type":"post","link":"https:\/\/www.vadib.de\/?p=23796","title":{"rendered":"Mindestlohn steigt in zwei Schritten auf 14,60 Euro"},"content":{"rendered":"\n<figure class=\"wp-block-image size-full is-resized\"><img loading=\"lazy\" decoding=\"async\" width=\"177\" height=\"128\" src=\"https:\/\/www.vadib.de\/wp-content\/uploads\/2017\/10\/DGB.jpg\" alt=\"\" class=\"wp-image-793\" style=\"width:90px;height:auto\"\/><\/figure>\n\n\n\n<p><strong>Stefan K\u00f6rzell<\/strong>, DGB-Vorstandsmitglied und Verhandlungsf\u00fchrer f\u00fcr die Gewerkschaftsseite in der Mindestlohnkommission, sagte am Freitag in Berlin: \u201cMit diesem errungenen Ergebnis haben die Sozialpartner eine konstruktive L\u00f6sung gefunden.&#8220;<\/p>\n\n\n\n<p><a href=\"https:\/\/www.dgb.de\/presse\/pressemitteilungen\/pressemitteilung\/mindestlohn-steigt-in-zwei-schritten-auf-1460-euro\/\">Mitteilung lesen<\/a><\/p>\n","protected":false},"excerpt":{"rendered":"<p>Stefan K\u00f6rzell, DGB-Vorstandsmitglied und Verhandlungsf\u00fchrer f\u00fcr die Gewerkschaftsseite in der Mindestlohnkommission, sagte am Freitag in Berlin: \u201cMit diesem errungenen Ergebnis haben die Sozialpartner eine konstruktive L\u00f6sung gefunden.&#8220; Mitteilung lesen<\/p>\n","protected":false},"author":1,"featured_media":0,"comment_status":"closed","ping_status":"closed","sticky":false,"template":"","format":"standard","meta":{"footnotes":""},"categories":[1],"tags":[],"class_list":["post-23796","post","type-post","status-publish","format-standard","hentry","category-allgemein"],"_links":{"self":[{"href":"https:\/\/www.vadib.de\/index.php?rest_route=\/wp\/v2\/posts\/23796","targetHints":{"allow":["GET"]}}],"collection":[{"href":"https:\/\/www.vadib.de\/index.php?rest_route=\/wp\/v2\/posts"}],"about":[{"href":"https:\/\/www.vadib.de\/index.php?rest_route=\/wp\/v2\/types\/post"}],"author":[{"embeddable":true,"href":"https:\/\/www.vadib.de\/index.php?rest_route=\/wp\/v2\/users\/1"}],"replies":[{"embeddable":true,"href":"https:\/\/www.vadib.de\/index.php?rest_route=%2Fwp%2Fv2%2Fcomments&post=23796"}],"version-history":[{"count":1,"href":"https:\/\/www.vadib.de\/index.php?rest_route=\/wp\/v2\/posts\/23796\/revisions"}],"predecessor-version":[{"id":23797,"href":"https:\/\/www.vadib.de\/index.php?rest_route=\/wp\/v2\/posts\/23796\/revisions\/23797"}],"wp:attachment":[{"href":"https:\/\/www.vadib.de\/index.php?rest_route=%2Fwp%2Fv2%2Fmedia&parent=23796"}],"wp:term":[{"taxonomy":"category","embeddable":true,"href":"https:\/\/www.vadib.de\/index.php?rest_route=%2Fwp%2Fv2%2Fcategories&post=23796"},{"taxonomy":"post_tag","embeddable":true,"href":"https:\/\/www.vadib.de\/index.php?rest_route=%2Fwp%2Fv2%2Ftags&post=23796"}],"curies":[{"name":"wp","href":"https:\/\/api.w.org\/{rel}","templated":true}]}}