{"id":23793,"date":"2025-06-28T15:59:06","date_gmt":"2025-06-28T13:59:06","guid":{"rendered":"https:\/\/www.vadib.de\/?p=23793"},"modified":"2025-06-28T15:59:07","modified_gmt":"2025-06-28T13:59:07","slug":"evaluation-des-bundesprogramms-aufbau-von-weiterbildungsverbuenden-2","status":"publish","type":"post","link":"https:\/\/www.vadib.de\/?p=23793","title":{"rendered":"Anhebung des gesetzlichen Mindestlohns zum 1. Januar 2026"},"content":{"rendered":"\n<figure class=\"wp-block-image size-full\"><img loading=\"lazy\" decoding=\"async\" width=\"179\" height=\"80\" src=\"https:\/\/www.vadib.de\/wp-content\/uploads\/2018\/01\/Logo_BMAS.png\" alt=\"\" class=\"wp-image-1100\"\/><\/figure>\n\n\n\n<p><strong>Bundesarbeitsministerin B\u00e4rbel Bas<\/strong> begr\u00fc\u00dft gemeinsamen Vorschlag der Mindestlohnkommission und k\u00fcndigt rasche Umsetzung an.<\/p>\n\n\n\n<p><a href=\"https:\/\/www.bmas.de\/DE\/Service\/Presse\/Pressemitteilungen\/2025\/anhebung-gesetzlicher-mindestlohn-zum-1-1-2026.html\">Mitteilung lesen<\/a><\/p>\n\n\n\n<p><\/p>\n","protected":false},"excerpt":{"rendered":"<p>Bundesarbeitsministerin B\u00e4rbel Bas begr\u00fc\u00dft gemeinsamen Vorschlag der Mindestlohnkommission und k\u00fcndigt rasche Umsetzung an. Mitteilung lesen<\/p>\n","protected":false},"author":1,"featured_media":0,"comment_status":"closed","ping_status":"closed","sticky":false,"template":"","format":"standard","meta":{"footnotes":""},"categories":[1],"tags":[],"class_list":["post-23793","post","type-post","status-publish","format-standard","hentry","category-allgemein"],"_links":{"self":[{"href":"https:\/\/www.vadib.de\/index.php?rest_route=\/wp\/v2\/posts\/23793","targetHints":{"allow":["GET"]}}],"collection":[{"href":"https:\/\/www.vadib.de\/index.php?rest_route=\/wp\/v2\/posts"}],"about":[{"href":"https:\/\/www.vadib.de\/index.php?rest_route=\/wp\/v2\/types\/post"}],"author":[{"embeddable":true,"href":"https:\/\/www.vadib.de\/index.php?rest_route=\/wp\/v2\/users\/1"}],"replies":[{"embeddable":true,"href":"https:\/\/www.vadib.de\/index.php?rest_route=%2Fwp%2Fv2%2Fcomments&post=23793"}],"version-history":[{"count":2,"href":"https:\/\/www.vadib.de\/index.php?rest_route=\/wp\/v2\/posts\/23793\/revisions"}],"predecessor-version":[{"id":23795,"href":"https:\/\/www.vadib.de\/index.php?rest_route=\/wp\/v2\/posts\/23793\/revisions\/23795"}],"wp:attachment":[{"href":"https:\/\/www.vadib.de\/index.php?rest_route=%2Fwp%2Fv2%2Fmedia&parent=23793"}],"wp:term":[{"taxonomy":"category","embeddable":true,"href":"https:\/\/www.vadib.de\/index.php?rest_route=%2Fwp%2Fv2%2Fcategories&post=23793"},{"taxonomy":"post_tag","embeddable":true,"href":"https:\/\/www.vadib.de\/index.php?rest_route=%2Fwp%2Fv2%2Ftags&post=23793"}],"curies":[{"name":"wp","href":"https:\/\/api.w.org\/{rel}","templated":true}]}}