{"id":23788,"date":"2025-06-27T12:56:39","date_gmt":"2025-06-27T10:56:39","guid":{"rendered":"https:\/\/www.vadib.de\/?p=23788"},"modified":"2025-06-27T12:56:40","modified_gmt":"2025-06-27T10:56:40","slug":"aufstiegs-bafoeg-zahl-der-gefoerderten-im-jahr-2024-nahezu-unveraendert-2","status":"publish","type":"post","link":"https:\/\/www.vadib.de\/?p=23788","title":{"rendered":"3,1 Millionen Menschen 2024 in Stiller Reserve am Arbeitsmarkt"},"content":{"rendered":"\n<figure class=\"wp-block-image size-full is-resized\"><img loading=\"lazy\" decoding=\"async\" width=\"469\" height=\"144\" src=\"https:\/\/www.vadib.de\/wp-content\/uploads\/2021\/03\/Logo_DESTATIS.png\" alt=\"\" class=\"wp-image-9434\" style=\"width:158px;height:auto\"\/><\/figure>\n\n\n\n<p>Diese sogenannte Stille Reserve umfasst Personen ohne Arbeit, die zwar kurzfristig nicht f\u00fcr den Arbeitsmarkt verf\u00fcgbar sind und momentan nicht aktiv nach Arbeit suchen, sich aber trotzdem Arbeit w\u00fcnschen.<\/p>\n\n\n\n<p><a href=\"https:\/\/www.destatis.de\/DE\/Presse\/Pressemitteilungen\/2025\/06\/PD25_231_13.html\">Mitteilung lesen<\/a><\/p>\n","protected":false},"excerpt":{"rendered":"<p>Diese sogenannte Stille Reserve umfasst Personen ohne Arbeit, die zwar kurzfristig nicht f\u00fcr den Arbeitsmarkt verf\u00fcgbar sind und momentan nicht aktiv nach Arbeit suchen, sich aber trotzdem Arbeit w\u00fcnschen. Mitteilung lesen<\/p>\n","protected":false},"author":1,"featured_media":0,"comment_status":"closed","ping_status":"closed","sticky":false,"template":"","format":"standard","meta":{"footnotes":""},"categories":[1],"tags":[],"class_list":["post-23788","post","type-post","status-publish","format-standard","hentry","category-allgemein"],"_links":{"self":[{"href":"https:\/\/www.vadib.de\/index.php?rest_route=\/wp\/v2\/posts\/23788","targetHints":{"allow":["GET"]}}],"collection":[{"href":"https:\/\/www.vadib.de\/index.php?rest_route=\/wp\/v2\/posts"}],"about":[{"href":"https:\/\/www.vadib.de\/index.php?rest_route=\/wp\/v2\/types\/post"}],"author":[{"embeddable":true,"href":"https:\/\/www.vadib.de\/index.php?rest_route=\/wp\/v2\/users\/1"}],"replies":[{"embeddable":true,"href":"https:\/\/www.vadib.de\/index.php?rest_route=%2Fwp%2Fv2%2Fcomments&post=23788"}],"version-history":[{"count":1,"href":"https:\/\/www.vadib.de\/index.php?rest_route=\/wp\/v2\/posts\/23788\/revisions"}],"predecessor-version":[{"id":23789,"href":"https:\/\/www.vadib.de\/index.php?rest_route=\/wp\/v2\/posts\/23788\/revisions\/23789"}],"wp:attachment":[{"href":"https:\/\/www.vadib.de\/index.php?rest_route=%2Fwp%2Fv2%2Fmedia&parent=23788"}],"wp:term":[{"taxonomy":"category","embeddable":true,"href":"https:\/\/www.vadib.de\/index.php?rest_route=%2Fwp%2Fv2%2Fcategories&post=23788"},{"taxonomy":"post_tag","embeddable":true,"href":"https:\/\/www.vadib.de\/index.php?rest_route=%2Fwp%2Fv2%2Ftags&post=23788"}],"curies":[{"name":"wp","href":"https:\/\/api.w.org\/{rel}","templated":true}]}}