{"id":23778,"date":"2025-06-27T12:22:25","date_gmt":"2025-06-27T10:22:25","guid":{"rendered":"https:\/\/www.vadib.de\/?p=23778"},"modified":"2025-06-27T12:22:26","modified_gmt":"2025-06-27T10:22:26","slug":"aktionsplan-zur-staerkung-der-tarifbindung-2","status":"publish","type":"post","link":"https:\/\/www.vadib.de\/?p=23778","title":{"rendered":"Fehlerquoten bei der Gew\u00e4hrung von B\u00fcrgergeld"},"content":{"rendered":"\n<figure class=\"wp-block-image size-full is-resized\"><img loading=\"lazy\" decoding=\"async\" width=\"547\" height=\"109\" src=\"https:\/\/www.vadib.de\/wp-content\/uploads\/2021\/03\/Logo_Bundestag-3.png\" alt=\"\" class=\"wp-image-9477\" style=\"width:306px;height:auto\"\/><\/figure>\n\n\n\n<p>F\u00fcr das Jahr 2023 haben Pr\u00fcfungen der Internen Revision der Bundesagentur f\u00fcr Arbeit (BA) Fehlerquoten bei der Gew\u00e4hrung von Leistungen nach dem SGB II (B\u00fcrgergeld) zwischen neun Prozent (Verm\u00f6gen) und 39 Prozent (Identit\u00e4tsfeststellung) festgestellt. Das schreibt die Bundesregierung in einer Antwort auf eine Kleine Anfrage der AfD-Fraktion.<\/p>\n\n\n\n<p><a href=\"https:\/\/dserver.bundestag.de\/btd\/21\/005\/2100545.pdf\">Antwort der Bundesregierung lesen<\/a><\/p>\n","protected":false},"excerpt":{"rendered":"<p>F\u00fcr das Jahr 2023 haben Pr\u00fcfungen der Internen Revision der Bundesagentur f\u00fcr Arbeit (BA) Fehlerquoten bei der Gew\u00e4hrung von Leistungen nach dem SGB II (B\u00fcrgergeld) zwischen neun Prozent (Verm\u00f6gen) und 39 Prozent (Identit\u00e4tsfeststellung) festgestellt. Das schreibt die Bundesregierung in einer Antwort auf eine Kleine Anfrage der AfD-Fraktion. Antwort der Bundesregierung lesen<\/p>\n","protected":false},"author":1,"featured_media":0,"comment_status":"closed","ping_status":"closed","sticky":false,"template":"","format":"standard","meta":{"footnotes":""},"categories":[1],"tags":[],"class_list":["post-23778","post","type-post","status-publish","format-standard","hentry","category-allgemein"],"_links":{"self":[{"href":"https:\/\/www.vadib.de\/index.php?rest_route=\/wp\/v2\/posts\/23778","targetHints":{"allow":["GET"]}}],"collection":[{"href":"https:\/\/www.vadib.de\/index.php?rest_route=\/wp\/v2\/posts"}],"about":[{"href":"https:\/\/www.vadib.de\/index.php?rest_route=\/wp\/v2\/types\/post"}],"author":[{"embeddable":true,"href":"https:\/\/www.vadib.de\/index.php?rest_route=\/wp\/v2\/users\/1"}],"replies":[{"embeddable":true,"href":"https:\/\/www.vadib.de\/index.php?rest_route=%2Fwp%2Fv2%2Fcomments&post=23778"}],"version-history":[{"count":1,"href":"https:\/\/www.vadib.de\/index.php?rest_route=\/wp\/v2\/posts\/23778\/revisions"}],"predecessor-version":[{"id":23779,"href":"https:\/\/www.vadib.de\/index.php?rest_route=\/wp\/v2\/posts\/23778\/revisions\/23779"}],"wp:attachment":[{"href":"https:\/\/www.vadib.de\/index.php?rest_route=%2Fwp%2Fv2%2Fmedia&parent=23778"}],"wp:term":[{"taxonomy":"category","embeddable":true,"href":"https:\/\/www.vadib.de\/index.php?rest_route=%2Fwp%2Fv2%2Fcategories&post=23778"},{"taxonomy":"post_tag","embeddable":true,"href":"https:\/\/www.vadib.de\/index.php?rest_route=%2Fwp%2Fv2%2Ftags&post=23778"}],"curies":[{"name":"wp","href":"https:\/\/api.w.org\/{rel}","templated":true}]}}