{"id":23766,"date":"2025-06-26T12:39:28","date_gmt":"2025-06-26T10:39:28","guid":{"rendered":"https:\/\/www.vadib.de\/?p=23766"},"modified":"2025-06-26T12:39:29","modified_gmt":"2025-06-26T10:39:29","slug":"tete-a-tete-mit-professor-bernd-fitzenberger-forschungsmanager-und-vordenker-fuer-den-arbeitsmarkt","status":"publish","type":"post","link":"https:\/\/www.vadib.de\/?p=23766","title":{"rendered":"T\u00eate-\u00e0-T\u00eate mit Professor Bernd Fitzenberger, Forschungsmanager und Vordenker f\u00fcr den Arbeitsmarkt"},"content":{"rendered":"\n<figure class=\"wp-block-image size-full is-resized\"><img loading=\"lazy\" decoding=\"async\" width=\"174\" height=\"76\" src=\"https:\/\/www.vadib.de\/wp-content\/uploads\/2020\/01\/Logo_OECD.png\" alt=\"\" class=\"wp-image-6311\" style=\"width:143px;height:auto\"\/><\/figure>\n\n\n\n<p>Im <em>T\u00eate-\u00e0-T\u00eate<\/em> soll Professor Bernd Fitzenberger (IAB) gefragt werden, was ihn zum Arbeitsmarktforscher gemacht hat, welche Ver\u00e4nderungen ihn im Laufe seiner Wissenschaftskarriere besonders beeindruckt haben und wie er die Zukunft der Arbeit in Deutschland und der Welt sieht.<\/p>\n\n\n\n<p><strong>Freitag, 4. Juli 2025 | 11:30 \u2013 12:00 Uhr | Digital via Zoom<\/strong><\/p>\n\n\n\n<p><a href=\"https:\/\/events.oecd-berlin.de\/379\">Anmeldung senden<\/a><\/p>\n\n\n\n<p><\/p>\n","protected":false},"excerpt":{"rendered":"<p>Im T\u00eate-\u00e0-T\u00eate soll Professor Bernd Fitzenberger (IAB) gefragt werden, was ihn zum Arbeitsmarktforscher gemacht hat, welche Ver\u00e4nderungen ihn im Laufe seiner Wissenschaftskarriere besonders beeindruckt haben und wie er die Zukunft der Arbeit in Deutschland und der Welt sieht. Freitag, 4. Juli 2025 | 11:30 \u2013 12:00 Uhr | Digital via Zoom Anmeldung senden<\/p>\n","protected":false},"author":1,"featured_media":0,"comment_status":"closed","ping_status":"closed","sticky":false,"template":"","format":"standard","meta":{"footnotes":""},"categories":[1],"tags":[],"class_list":["post-23766","post","type-post","status-publish","format-standard","hentry","category-allgemein"],"_links":{"self":[{"href":"https:\/\/www.vadib.de\/index.php?rest_route=\/wp\/v2\/posts\/23766","targetHints":{"allow":["GET"]}}],"collection":[{"href":"https:\/\/www.vadib.de\/index.php?rest_route=\/wp\/v2\/posts"}],"about":[{"href":"https:\/\/www.vadib.de\/index.php?rest_route=\/wp\/v2\/types\/post"}],"author":[{"embeddable":true,"href":"https:\/\/www.vadib.de\/index.php?rest_route=\/wp\/v2\/users\/1"}],"replies":[{"embeddable":true,"href":"https:\/\/www.vadib.de\/index.php?rest_route=%2Fwp%2Fv2%2Fcomments&post=23766"}],"version-history":[{"count":1,"href":"https:\/\/www.vadib.de\/index.php?rest_route=\/wp\/v2\/posts\/23766\/revisions"}],"predecessor-version":[{"id":23767,"href":"https:\/\/www.vadib.de\/index.php?rest_route=\/wp\/v2\/posts\/23766\/revisions\/23767"}],"wp:attachment":[{"href":"https:\/\/www.vadib.de\/index.php?rest_route=%2Fwp%2Fv2%2Fmedia&parent=23766"}],"wp:term":[{"taxonomy":"category","embeddable":true,"href":"https:\/\/www.vadib.de\/index.php?rest_route=%2Fwp%2Fv2%2Fcategories&post=23766"},{"taxonomy":"post_tag","embeddable":true,"href":"https:\/\/www.vadib.de\/index.php?rest_route=%2Fwp%2Fv2%2Ftags&post=23766"}],"curies":[{"name":"wp","href":"https:\/\/api.w.org\/{rel}","templated":true}]}}