{"id":23764,"date":"2025-06-25T16:02:06","date_gmt":"2025-06-25T14:02:06","guid":{"rendered":"https:\/\/www.vadib.de\/?p=23764"},"modified":"2025-06-25T16:02:07","modified_gmt":"2025-06-25T14:02:07","slug":"aktionsplan-zur-staerkung-der-tarifbindung","status":"publish","type":"post","link":"https:\/\/www.vadib.de\/?p=23764","title":{"rendered":"Aktionsplan zur St\u00e4rkung der Tarifbindung"},"content":{"rendered":"\n<figure class=\"wp-block-image size-full is-resized\"><img loading=\"lazy\" decoding=\"async\" width=\"547\" height=\"109\" src=\"https:\/\/www.vadib.de\/wp-content\/uploads\/2021\/03\/Logo_Bundestag-3.png\" alt=\"\" class=\"wp-image-9477\" style=\"width:306px;height:auto\"\/><\/figure>\n\n\n\n<p>Die Fraktion Die Linke fordert in einem Antrag einen Aktionsplan zur St\u00e4rkung der Tarifbindung. Bessere Arbeitsbedingungen und h\u00f6here L\u00f6hne f\u00fcr alle m\u00fcssten das Ziel sein, argumentieren die Abgeordneten darin.<\/p>\n\n\n\n<p><a href=\"https:\/\/dserver.bundestag.de\/btd\/21\/005\/2100585.pdf\">Antrag lesen<\/a><\/p>\n","protected":false},"excerpt":{"rendered":"<p>Die Fraktion Die Linke fordert in einem Antrag einen Aktionsplan zur St\u00e4rkung der Tarifbindung. Bessere Arbeitsbedingungen und h\u00f6here L\u00f6hne f\u00fcr alle m\u00fcssten das Ziel sein, argumentieren die Abgeordneten darin. Antrag lesen<\/p>\n","protected":false},"author":1,"featured_media":0,"comment_status":"closed","ping_status":"closed","sticky":false,"template":"","format":"standard","meta":{"footnotes":""},"categories":[1],"tags":[],"class_list":["post-23764","post","type-post","status-publish","format-standard","hentry","category-allgemein"],"_links":{"self":[{"href":"https:\/\/www.vadib.de\/index.php?rest_route=\/wp\/v2\/posts\/23764","targetHints":{"allow":["GET"]}}],"collection":[{"href":"https:\/\/www.vadib.de\/index.php?rest_route=\/wp\/v2\/posts"}],"about":[{"href":"https:\/\/www.vadib.de\/index.php?rest_route=\/wp\/v2\/types\/post"}],"author":[{"embeddable":true,"href":"https:\/\/www.vadib.de\/index.php?rest_route=\/wp\/v2\/users\/1"}],"replies":[{"embeddable":true,"href":"https:\/\/www.vadib.de\/index.php?rest_route=%2Fwp%2Fv2%2Fcomments&post=23764"}],"version-history":[{"count":1,"href":"https:\/\/www.vadib.de\/index.php?rest_route=\/wp\/v2\/posts\/23764\/revisions"}],"predecessor-version":[{"id":23765,"href":"https:\/\/www.vadib.de\/index.php?rest_route=\/wp\/v2\/posts\/23764\/revisions\/23765"}],"wp:attachment":[{"href":"https:\/\/www.vadib.de\/index.php?rest_route=%2Fwp%2Fv2%2Fmedia&parent=23764"}],"wp:term":[{"taxonomy":"category","embeddable":true,"href":"https:\/\/www.vadib.de\/index.php?rest_route=%2Fwp%2Fv2%2Fcategories&post=23764"},{"taxonomy":"post_tag","embeddable":true,"href":"https:\/\/www.vadib.de\/index.php?rest_route=%2Fwp%2Fv2%2Ftags&post=23764"}],"curies":[{"name":"wp","href":"https:\/\/api.w.org\/{rel}","templated":true}]}}