{"id":23761,"date":"2025-06-25T13:06:10","date_gmt":"2025-06-25T11:06:10","guid":{"rendered":"https:\/\/www.vadib.de\/?p=23761"},"modified":"2025-06-25T13:06:16","modified_gmt":"2025-06-25T11:06:16","slug":"globalbudget-der-jobcenter-handlungsfaehigkeit-nicht-mehr-gegeben","status":"publish","type":"post","link":"https:\/\/www.vadib.de\/?p=23761","title":{"rendered":"Globalbudget der Jobcenter &#8211; Handlungsf\u00e4higkeit nicht mehr gegeben"},"content":{"rendered":"\n<figure class=\"wp-block-image size-full is-resized\"><img loading=\"lazy\" decoding=\"async\" width=\"424\" height=\"119\" src=\"https:\/\/www.vadib.de\/wp-content\/uploads\/2025\/06\/Logo_Jobcenter-Personalraetr.png\" alt=\"\" class=\"wp-image-23762\" style=\"width:164px;height:auto\" srcset=\"https:\/\/www.vadib.de\/wp-content\/uploads\/2025\/06\/Logo_Jobcenter-Personalraetr.png 424w, https:\/\/www.vadib.de\/wp-content\/uploads\/2025\/06\/Logo_Jobcenter-Personalraetr-300x84.png 300w\" sizes=\"auto, (max-width: 424px) 100vw, 424px\" \/><\/figure>\n\n\n\n<p>In einem eindringlichen Schreiben fordern die Personalr\u00e4te der Jobcenter Bundesarbeitsministerin B\u00e4rbel Bas und Bundesfinanzminister Lars Klingbeil auf, die massiven K\u00fcrzungen im Bereich der Arbeitsf\u00f6rderung zu stoppen.<\/p>\n\n\n\n<p><a href=\"https:\/\/www.google.com\/url?sa=t&amp;source=web&amp;rct=j&amp;opi=89978449&amp;url=https:\/\/wp.table.media\/wp-content\/uploads\/2025\/06\/23182733\/Jobcenter_Haushalt-1.pdf&amp;ved=2ahUKEwjTi9SXtoyOAxUfnf0HHbDcDvcQFnoECBoQAQ&amp;usg=AOvVaw3OD9TptCrVU9YRzvrLcmdj\">Personalr\u00e4te-Schreiben lesen<\/a><\/p>\n","protected":false},"excerpt":{"rendered":"<p>In einem eindringlichen Schreiben fordern die Personalr\u00e4te der Jobcenter Bundesarbeitsministerin B\u00e4rbel Bas und Bundesfinanzminister Lars Klingbeil auf, die massiven K\u00fcrzungen im Bereich der Arbeitsf\u00f6rderung zu stoppen. Personalr\u00e4te-Schreiben lesen<\/p>\n","protected":false},"author":1,"featured_media":0,"comment_status":"closed","ping_status":"closed","sticky":false,"template":"","format":"standard","meta":{"footnotes":""},"categories":[1],"tags":[],"class_list":["post-23761","post","type-post","status-publish","format-standard","hentry","category-allgemein"],"_links":{"self":[{"href":"https:\/\/www.vadib.de\/index.php?rest_route=\/wp\/v2\/posts\/23761","targetHints":{"allow":["GET"]}}],"collection":[{"href":"https:\/\/www.vadib.de\/index.php?rest_route=\/wp\/v2\/posts"}],"about":[{"href":"https:\/\/www.vadib.de\/index.php?rest_route=\/wp\/v2\/types\/post"}],"author":[{"embeddable":true,"href":"https:\/\/www.vadib.de\/index.php?rest_route=\/wp\/v2\/users\/1"}],"replies":[{"embeddable":true,"href":"https:\/\/www.vadib.de\/index.php?rest_route=%2Fwp%2Fv2%2Fcomments&post=23761"}],"version-history":[{"count":1,"href":"https:\/\/www.vadib.de\/index.php?rest_route=\/wp\/v2\/posts\/23761\/revisions"}],"predecessor-version":[{"id":23763,"href":"https:\/\/www.vadib.de\/index.php?rest_route=\/wp\/v2\/posts\/23761\/revisions\/23763"}],"wp:attachment":[{"href":"https:\/\/www.vadib.de\/index.php?rest_route=%2Fwp%2Fv2%2Fmedia&parent=23761"}],"wp:term":[{"taxonomy":"category","embeddable":true,"href":"https:\/\/www.vadib.de\/index.php?rest_route=%2Fwp%2Fv2%2Fcategories&post=23761"},{"taxonomy":"post_tag","embeddable":true,"href":"https:\/\/www.vadib.de\/index.php?rest_route=%2Fwp%2Fv2%2Ftags&post=23761"}],"curies":[{"name":"wp","href":"https:\/\/api.w.org\/{rel}","templated":true}]}}