{"id":23741,"date":"2025-06-21T13:38:50","date_gmt":"2025-06-21T11:38:50","guid":{"rendered":"https:\/\/www.vadib.de\/?p=23741"},"modified":"2025-06-21T13:38:51","modified_gmt":"2025-06-21T11:38:51","slug":"deputation-fuer-arbeit-am-27-02-2024-2-2-2-2-2-2-3-2-2-2-2","status":"publish","type":"post","link":"https:\/\/www.vadib.de\/?p=23741","title":{"rendered":"Deputation f\u00fcr Arbeit am 24.06.2025"},"content":{"rendered":"\n<figure class=\"wp-block-image size-full is-resized\"><img loading=\"lazy\" decoding=\"async\" width=\"200\" height=\"88\" src=\"https:\/\/www.vadib.de\/wp-content\/uploads\/2019\/01\/Logo-Bremische-B\u00fcrgerschaft-1.png\" alt=\"\" class=\"wp-image-3633\" style=\"width:168px;height:auto\"\/><\/figure>\n\n\n\n<p>Auf dieser Sitzung der Deputation f\u00fcr Arbeit sind folgende Vorlagen aus arbeitsmarktpolitischer Sicht von Interesse:<\/p>\n\n\n\n<p><strong>Bericht zur Pr\u00fcfung der defizit\u00e4ren Betr\u00e4ge im Produktplan 31 (Arbeit)<\/strong><br><a href=\"https:\/\/sd.bremische-buergerschaft.de\/sdnetrim\/UGhVM0hpd2NXNFdFcExjZerJK_KL1Mm-uWmY0ugI8SrPpmYrHKYvMakx6w5GHHm0\/TOP_II.1_-L-_Bericht_defizitaere_Pruefung_PPL_31.pdf\">21\/4994 Vorlage<\/a><\/p>\n\n\n\n<p><strong>Sachstand zur Arbeitsmarktstrategie des Landes Bremen 2025 bis 2027<\/strong><br><a href=\"https:\/\/sd.bremische-buergerschaft.de\/sdnetrim\/UGhVM0hpd2NXNFdFcExjZQqm2LF0aRtxnbexcm8NyKyX7BBsKlRhVs1FqV8-pok8\/TOP_II.2_-L-_Sachstand_Arbeitsmarktstrategie.pdf\">21\/4989 Vorlage<\/a><br><a href=\"https:\/\/sd.bremische-buergerschaft.de\/sdnetrim\/UGhVM0hpd2NXNFdFcExjZZOfokzIQb7JEhQ2RwzgXEUTKG-YL-qO-U9nTBhgCXdL\/TOP_II.2_-L-_Sachstand_Arbeitsmarktstrategie_Anlage.pdf\">21\/4989 Anlage<\/a><\/p>\n\n\n\n<p><strong>Sachstandsbericht zum 1. \u00c4nderungsantrag des Bremischen ESF Plus-Programms aufgrund einer Mittelumschichtung vom Bund an das Land Bremen<\/strong><br><a href=\"https:\/\/sd.bremische-buergerschaft.de\/sdnetrim\/UGhVM0hpd2NXNFdFcExjZas84Ji2IMPh25C0wRR9akIWuRDZtwtOTAZfwpVW2LwG\/Beschlussvorlage_Ausschuesse-Deputationen_VL_21-5032.pdf\">21\/5032 Vorlage<\/a><\/p>\n\n\n\n<p><strong>Anpassung der Ma\u00dfnahmenplanung des Ausbildungsunterst\u00fctzungsfonds ab 2025\/2026<\/strong><br><a href=\"https:\/\/sd.bremische-buergerschaft.de\/sdnetrim\/UGhVM0hpd2NXNFdFcExjZcBZ4CGCc-WhuIKKjQv8wDLFcjbjLOqkITqtkC7p3bzg\/TOP_II.4_-L-_Anpassung_der_Massnahmenplanung.pdf\">21\/4991 Vorlage<\/a><br><a href=\"https:\/\/sd.bremische-buergerschaft.de\/sdnetrim\/UGhVM0hpd2NXNFdFcExjZbTtYbWe4HRFZJzrLeXAI7puUdMBMbY0Dwabk4RZuJ2n\/TOP_II.4_-L-_Anpassung_der_Massnahmenplanung_Anlage.pdf\">21\/4991 Anlage<\/a><\/p>\n\n\n\n<p><strong>H\u00fcrden f\u00fcr eine Teilnahme an der berufsbezogenen Deutschsprachf\u00f6rderung abbauen \u2013 Nachhaltige Teilhabe am Arbeitsmarkt f\u00f6rdern<\/strong><br><a href=\"https:\/\/sd.bremische-buergerschaft.de\/sdnetrim\/UGhVM0hpd2NXNFdFcExjZc6IacotX67rt1dWnUT4WGqxpJZesQf9JL6ktDoqrez3\/Beschlussvorlage_Ausschuesse-Deputationen_VL_21-4992.pdf\">21\/4992 Vorlage<\/a><\/p>\n","protected":false},"excerpt":{"rendered":"<p>Auf dieser Sitzung der Deputation f\u00fcr Arbeit sind folgende Vorlagen aus arbeitsmarktpolitischer Sicht von Interesse: Bericht zur Pr\u00fcfung der defizit\u00e4ren Betr\u00e4ge im Produktplan 31 (Arbeit)21\/4994 Vorlage Sachstand zur Arbeitsmarktstrategie des Landes Bremen 2025 bis 202721\/4989 Vorlage21\/4989 Anlage Sachstandsbericht zum 1. \u00c4nderungsantrag des Bremischen ESF Plus-Programms aufgrund einer Mittelumschichtung vom Bund an das Land Bremen21\/5032 Vorlage &hellip; <\/p>\n<p class=\"link-more\"><a href=\"https:\/\/www.vadib.de\/?p=23741\" class=\"more-link\"><span class=\"screen-reader-text\">\u201eDeputation f\u00fcr Arbeit am 24.06.2025\u201c <\/span>weiterlesen<\/a><\/p>\n","protected":false},"author":1,"featured_media":0,"comment_status":"closed","ping_status":"closed","sticky":false,"template":"","format":"standard","meta":{"footnotes":""},"categories":[1],"tags":[],"class_list":["post-23741","post","type-post","status-publish","format-standard","hentry","category-allgemein"],"_links":{"self":[{"href":"https:\/\/www.vadib.de\/index.php?rest_route=\/wp\/v2\/posts\/23741","targetHints":{"allow":["GET"]}}],"collection":[{"href":"https:\/\/www.vadib.de\/index.php?rest_route=\/wp\/v2\/posts"}],"about":[{"href":"https:\/\/www.vadib.de\/index.php?rest_route=\/wp\/v2\/types\/post"}],"author":[{"embeddable":true,"href":"https:\/\/www.vadib.de\/index.php?rest_route=\/wp\/v2\/users\/1"}],"replies":[{"embeddable":true,"href":"https:\/\/www.vadib.de\/index.php?rest_route=%2Fwp%2Fv2%2Fcomments&post=23741"}],"version-history":[{"count":1,"href":"https:\/\/www.vadib.de\/index.php?rest_route=\/wp\/v2\/posts\/23741\/revisions"}],"predecessor-version":[{"id":23742,"href":"https:\/\/www.vadib.de\/index.php?rest_route=\/wp\/v2\/posts\/23741\/revisions\/23742"}],"wp:attachment":[{"href":"https:\/\/www.vadib.de\/index.php?rest_route=%2Fwp%2Fv2%2Fmedia&parent=23741"}],"wp:term":[{"taxonomy":"category","embeddable":true,"href":"https:\/\/www.vadib.de\/index.php?rest_route=%2Fwp%2Fv2%2Fcategories&post=23741"},{"taxonomy":"post_tag","embeddable":true,"href":"https:\/\/www.vadib.de\/index.php?rest_route=%2Fwp%2Fv2%2Ftags&post=23741"}],"curies":[{"name":"wp","href":"https:\/\/api.w.org\/{rel}","templated":true}]}}