{"id":23739,"date":"2025-06-21T13:12:37","date_gmt":"2025-06-21T11:12:37","guid":{"rendered":"https:\/\/www.vadib.de\/?p=23739"},"modified":"2025-06-21T13:12:38","modified_gmt":"2025-06-21T11:12:38","slug":"die-aktivrente-loest-das-problem-nicht","status":"publish","type":"post","link":"https:\/\/www.vadib.de\/?p=23739","title":{"rendered":"Die Aktivrente l\u00f6st das Problem nicht"},"content":{"rendered":"\n<figure class=\"wp-block-image size-full\"><img loading=\"lazy\" decoding=\"async\" width=\"199\" height=\"49\" src=\"https:\/\/www.vadib.de\/wp-content\/uploads\/2020\/03\/Logo_Zeit.png\" alt=\"\" class=\"wp-image-6754\"\/><\/figure>\n\n\n\n<p>Die Koalition will Rentner per steuerfreiem Zuverdienst zum Arbeiten bewegen. Klingt gut, doch es d\u00fcrfte die Altersungleichheit versch\u00e4rfen. Es gibt bessere Alternativen. Eine Kolumne von <strong>Marcel Fratzscher<\/strong>, Deutsches Institut f\u00fcr Wirtschaftsforschung (DIW Berlin).<\/p>\n\n\n\n<p><a href=\"https:\/\/www.zeit.de\/wirtschaft\/2025-06\/oziale-ungleichheit-aktivrente-problem-bundesregierung\">Kolumne lesen<\/a><\/p>\n","protected":false},"excerpt":{"rendered":"<p>Die Koalition will Rentner per steuerfreiem Zuverdienst zum Arbeiten bewegen. Klingt gut, doch es d\u00fcrfte die Altersungleichheit versch\u00e4rfen. Es gibt bessere Alternativen. Eine Kolumne von Marcel Fratzscher, Deutsches Institut f\u00fcr Wirtschaftsforschung (DIW Berlin). Kolumne lesen<\/p>\n","protected":false},"author":1,"featured_media":0,"comment_status":"closed","ping_status":"closed","sticky":false,"template":"","format":"standard","meta":{"footnotes":""},"categories":[1],"tags":[],"class_list":["post-23739","post","type-post","status-publish","format-standard","hentry","category-allgemein"],"_links":{"self":[{"href":"https:\/\/www.vadib.de\/index.php?rest_route=\/wp\/v2\/posts\/23739","targetHints":{"allow":["GET"]}}],"collection":[{"href":"https:\/\/www.vadib.de\/index.php?rest_route=\/wp\/v2\/posts"}],"about":[{"href":"https:\/\/www.vadib.de\/index.php?rest_route=\/wp\/v2\/types\/post"}],"author":[{"embeddable":true,"href":"https:\/\/www.vadib.de\/index.php?rest_route=\/wp\/v2\/users\/1"}],"replies":[{"embeddable":true,"href":"https:\/\/www.vadib.de\/index.php?rest_route=%2Fwp%2Fv2%2Fcomments&post=23739"}],"version-history":[{"count":1,"href":"https:\/\/www.vadib.de\/index.php?rest_route=\/wp\/v2\/posts\/23739\/revisions"}],"predecessor-version":[{"id":23740,"href":"https:\/\/www.vadib.de\/index.php?rest_route=\/wp\/v2\/posts\/23739\/revisions\/23740"}],"wp:attachment":[{"href":"https:\/\/www.vadib.de\/index.php?rest_route=%2Fwp%2Fv2%2Fmedia&parent=23739"}],"wp:term":[{"taxonomy":"category","embeddable":true,"href":"https:\/\/www.vadib.de\/index.php?rest_route=%2Fwp%2Fv2%2Fcategories&post=23739"},{"taxonomy":"post_tag","embeddable":true,"href":"https:\/\/www.vadib.de\/index.php?rest_route=%2Fwp%2Fv2%2Ftags&post=23739"}],"curies":[{"name":"wp","href":"https:\/\/api.w.org\/{rel}","templated":true}]}}