{"id":23716,"date":"2025-06-18T11:37:35","date_gmt":"2025-06-18T09:37:35","guid":{"rendered":"https:\/\/www.vadib.de\/?p=23716"},"modified":"2025-06-18T11:37:36","modified_gmt":"2025-06-18T09:37:36","slug":"jobcenter-terminschwaenzer-sollen-folgen-spueren","status":"publish","type":"post","link":"https:\/\/www.vadib.de\/?p=23716","title":{"rendered":"Jobcenter-Terminschw\u00e4nzer sollen Folgen sp\u00fcren"},"content":{"rendered":"\n<figure class=\"wp-block-image size-full is-resized\"><img loading=\"lazy\" decoding=\"async\" width=\"225\" height=\"227\" src=\"https:\/\/www.vadib.de\/wp-content\/uploads\/2018\/12\/Logo_BR24.png\" alt=\"\" class=\"wp-image-3250\" style=\"width:64px;height:auto\"\/><\/figure>\n\n\n\n<p><strong>Arbeitsministerin B\u00e4rbel Bas<\/strong> k\u00fcndigt sch\u00e4rfere Regeln f\u00fcr B\u00fcrgergeld-Empf\u00e4nger an: Wer Termine im Jobcenter schw\u00e4nzt, soll Konsequenzen sp\u00fcren. Auch Verm\u00f6gensgrenzen und Regeln f\u00fcr Gefl\u00fcchtete will die Regierung \u00fcberarbeiten.<\/p>\n\n\n\n<p><a href=\"https:\/\/www.br.de\/nachrichten\/deutschland-welt\/ministerin-bas-jobcenter-terminschwaenzer-sollen-folgen-spueren,UoNJGFA\">Beitrag lesen und h\u00f6ren<\/a><\/p>\n","protected":false},"excerpt":{"rendered":"<p>Arbeitsministerin B\u00e4rbel Bas k\u00fcndigt sch\u00e4rfere Regeln f\u00fcr B\u00fcrgergeld-Empf\u00e4nger an: Wer Termine im Jobcenter schw\u00e4nzt, soll Konsequenzen sp\u00fcren. Auch Verm\u00f6gensgrenzen und Regeln f\u00fcr Gefl\u00fcchtete will die Regierung \u00fcberarbeiten. Beitrag lesen und h\u00f6ren<\/p>\n","protected":false},"author":1,"featured_media":0,"comment_status":"closed","ping_status":"closed","sticky":false,"template":"","format":"standard","meta":{"footnotes":""},"categories":[1],"tags":[],"class_list":["post-23716","post","type-post","status-publish","format-standard","hentry","category-allgemein"],"_links":{"self":[{"href":"https:\/\/www.vadib.de\/index.php?rest_route=\/wp\/v2\/posts\/23716","targetHints":{"allow":["GET"]}}],"collection":[{"href":"https:\/\/www.vadib.de\/index.php?rest_route=\/wp\/v2\/posts"}],"about":[{"href":"https:\/\/www.vadib.de\/index.php?rest_route=\/wp\/v2\/types\/post"}],"author":[{"embeddable":true,"href":"https:\/\/www.vadib.de\/index.php?rest_route=\/wp\/v2\/users\/1"}],"replies":[{"embeddable":true,"href":"https:\/\/www.vadib.de\/index.php?rest_route=%2Fwp%2Fv2%2Fcomments&post=23716"}],"version-history":[{"count":1,"href":"https:\/\/www.vadib.de\/index.php?rest_route=\/wp\/v2\/posts\/23716\/revisions"}],"predecessor-version":[{"id":23717,"href":"https:\/\/www.vadib.de\/index.php?rest_route=\/wp\/v2\/posts\/23716\/revisions\/23717"}],"wp:attachment":[{"href":"https:\/\/www.vadib.de\/index.php?rest_route=%2Fwp%2Fv2%2Fmedia&parent=23716"}],"wp:term":[{"taxonomy":"category","embeddable":true,"href":"https:\/\/www.vadib.de\/index.php?rest_route=%2Fwp%2Fv2%2Fcategories&post=23716"},{"taxonomy":"post_tag","embeddable":true,"href":"https:\/\/www.vadib.de\/index.php?rest_route=%2Fwp%2Fv2%2Ftags&post=23716"}],"curies":[{"name":"wp","href":"https:\/\/api.w.org\/{rel}","templated":true}]}}