{"id":23712,"date":"2025-06-18T11:18:33","date_gmt":"2025-06-18T09:18:33","guid":{"rendered":"https:\/\/www.vadib.de\/?p=23712"},"modified":"2025-06-18T11:18:35","modified_gmt":"2025-06-18T09:18:35","slug":"mehr-anreize-mehr-flexibilitaet-mehr-arbeit","status":"publish","type":"post","link":"https:\/\/www.vadib.de\/?p=23712","title":{"rendered":"Mehr Anreize, mehr Flexibilit\u00e4t, mehr Arbeit?"},"content":{"rendered":"\n<figure class=\"wp-block-image size-full is-resized\"><img loading=\"lazy\" decoding=\"async\" width=\"463\" height=\"131\" src=\"https:\/\/www.vadib.de\/wp-content\/uploads\/2021\/02\/Logo_IAB.png\" alt=\"\" class=\"wp-image-9384\" style=\"width:202px;height:auto\"\/><\/figure>\n\n\n\n<p>Aktuelle Befragungsergebnisse des IAB geben Aufschluss dar\u00fcber, wie Besch\u00e4ftigte diese Vorhaben bewerten und ob diese die arbeitsmarktpolitisch beabsichtigte Wirkung entfalten k\u00f6nnen. Etwa ein Drittel der Besch\u00e4ftigten ist bereit, mehr als zehn Stunden an einzelnen Tagen zu arbeiten. Finanzielle Anreize f\u00fcr Mehrarbeit und f\u00fcr eine Ausweitung von Teilzeit sprechen besonders j\u00fcngere Besch\u00e4ftigte an.<\/p>\n\n\n\n<p><a href=\"https:\/\/iab-forum.de\/mehr-anreize-mehr-flexibilitaet-mehr-arbeit-wie-beschaeftigte-auf-die-plaene-der-neuen-bundesregierung-reagieren-wuerden\/\">Beitrag lesen<\/a><\/p>\n","protected":false},"excerpt":{"rendered":"<p>Aktuelle Befragungsergebnisse des IAB geben Aufschluss dar\u00fcber, wie Besch\u00e4ftigte diese Vorhaben bewerten und ob diese die arbeitsmarktpolitisch beabsichtigte Wirkung entfalten k\u00f6nnen. Etwa ein Drittel der Besch\u00e4ftigten ist bereit, mehr als zehn Stunden an einzelnen Tagen zu arbeiten. Finanzielle Anreize f\u00fcr Mehrarbeit und f\u00fcr eine Ausweitung von Teilzeit sprechen besonders j\u00fcngere Besch\u00e4ftigte an. Beitrag lesen<\/p>\n","protected":false},"author":1,"featured_media":0,"comment_status":"closed","ping_status":"closed","sticky":false,"template":"","format":"standard","meta":{"footnotes":""},"categories":[1],"tags":[],"class_list":["post-23712","post","type-post","status-publish","format-standard","hentry","category-allgemein"],"_links":{"self":[{"href":"https:\/\/www.vadib.de\/index.php?rest_route=\/wp\/v2\/posts\/23712","targetHints":{"allow":["GET"]}}],"collection":[{"href":"https:\/\/www.vadib.de\/index.php?rest_route=\/wp\/v2\/posts"}],"about":[{"href":"https:\/\/www.vadib.de\/index.php?rest_route=\/wp\/v2\/types\/post"}],"author":[{"embeddable":true,"href":"https:\/\/www.vadib.de\/index.php?rest_route=\/wp\/v2\/users\/1"}],"replies":[{"embeddable":true,"href":"https:\/\/www.vadib.de\/index.php?rest_route=%2Fwp%2Fv2%2Fcomments&post=23712"}],"version-history":[{"count":1,"href":"https:\/\/www.vadib.de\/index.php?rest_route=\/wp\/v2\/posts\/23712\/revisions"}],"predecessor-version":[{"id":23713,"href":"https:\/\/www.vadib.de\/index.php?rest_route=\/wp\/v2\/posts\/23712\/revisions\/23713"}],"wp:attachment":[{"href":"https:\/\/www.vadib.de\/index.php?rest_route=%2Fwp%2Fv2%2Fmedia&parent=23712"}],"wp:term":[{"taxonomy":"category","embeddable":true,"href":"https:\/\/www.vadib.de\/index.php?rest_route=%2Fwp%2Fv2%2Fcategories&post=23712"},{"taxonomy":"post_tag","embeddable":true,"href":"https:\/\/www.vadib.de\/index.php?rest_route=%2Fwp%2Fv2%2Ftags&post=23712"}],"curies":[{"name":"wp","href":"https:\/\/api.w.org\/{rel}","templated":true}]}}