{"id":23706,"date":"2025-06-18T11:05:58","date_gmt":"2025-06-18T09:05:58","guid":{"rendered":"https:\/\/www.vadib.de\/?p=23706"},"modified":"2025-06-18T11:10:50","modified_gmt":"2025-06-18T09:10:50","slug":"wichtiges-signal-fuer-arbeitsmarktfoerderung-2","status":"publish","type":"post","link":"https:\/\/www.vadib.de\/?p=23706","title":{"rendered":"Wichtiges Signal f\u00fcr Arbeitsmarktf\u00f6rderung"},"content":{"rendered":"\n<figure class=\"wp-block-image size-full is-resized\"><img loading=\"lazy\" decoding=\"async\" width=\"225\" height=\"171\" src=\"https:\/\/www.vadib.de\/wp-content\/uploads\/2019\/12\/Logo_Senat.png\" alt=\"\" class=\"wp-image-5888\" style=\"width:78px;height:auto\"\/><\/figure>\n\n\n\n<p>Der Bremer Senat hat die Eckwerte der Haushalte 2026 und 2027 beschlossen. Darunter auch Mittel f\u00fcr die Fortf\u00fchrung arbeitsmarktpolitischer Ma\u00dfnahmen. Die <strong>stellvertretende Landesfrauenbeauftragte Katharina Kunze<\/strong> begr\u00fc\u00dft dieses Bekenntnis f\u00fcr den Erhalt eines sozialen Arbeitsmarkts: &#8222;Wir sind froh und erleichtert, dass unsere Appelle sowie die Stellungnahmen der &#8218;Arbeitskreise berufliche Perspektiven in Bremen und Bremerhaven&#8216; geh\u00f6rt wurden&#8220;.<\/p>\n\n\n\n<p><a href=\"https:\/\/www.senatspressestelle.bremen.de\/pressemitteilungen\/wichtiges-signal-fuer-arbeitsmarktfoerderung-470406\">Mitteilung lesen<\/a><\/p>\n","protected":false},"excerpt":{"rendered":"<p>Der Bremer Senat hat die Eckwerte der Haushalte 2026 und 2027 beschlossen. Darunter auch Mittel f\u00fcr die Fortf\u00fchrung arbeitsmarktpolitischer Ma\u00dfnahmen. Die stellvertretende Landesfrauenbeauftragte Katharina Kunze begr\u00fc\u00dft dieses Bekenntnis f\u00fcr den Erhalt eines sozialen Arbeitsmarkts: &#8222;Wir sind froh und erleichtert, dass unsere Appelle sowie die Stellungnahmen der &#8218;Arbeitskreise berufliche Perspektiven in Bremen und Bremerhaven&#8216; geh\u00f6rt wurden&#8220;. &hellip; <\/p>\n<p class=\"link-more\"><a href=\"https:\/\/www.vadib.de\/?p=23706\" class=\"more-link\"><span class=\"screen-reader-text\">\u201eWichtiges Signal f\u00fcr Arbeitsmarktf\u00f6rderung\u201c <\/span>weiterlesen<\/a><\/p>\n","protected":false},"author":1,"featured_media":0,"comment_status":"closed","ping_status":"closed","sticky":false,"template":"","format":"standard","meta":{"footnotes":""},"categories":[1],"tags":[],"class_list":["post-23706","post","type-post","status-publish","format-standard","hentry","category-allgemein"],"_links":{"self":[{"href":"https:\/\/www.vadib.de\/index.php?rest_route=\/wp\/v2\/posts\/23706","targetHints":{"allow":["GET"]}}],"collection":[{"href":"https:\/\/www.vadib.de\/index.php?rest_route=\/wp\/v2\/posts"}],"about":[{"href":"https:\/\/www.vadib.de\/index.php?rest_route=\/wp\/v2\/types\/post"}],"author":[{"embeddable":true,"href":"https:\/\/www.vadib.de\/index.php?rest_route=\/wp\/v2\/users\/1"}],"replies":[{"embeddable":true,"href":"https:\/\/www.vadib.de\/index.php?rest_route=%2Fwp%2Fv2%2Fcomments&post=23706"}],"version-history":[{"count":3,"href":"https:\/\/www.vadib.de\/index.php?rest_route=\/wp\/v2\/posts\/23706\/revisions"}],"predecessor-version":[{"id":23711,"href":"https:\/\/www.vadib.de\/index.php?rest_route=\/wp\/v2\/posts\/23706\/revisions\/23711"}],"wp:attachment":[{"href":"https:\/\/www.vadib.de\/index.php?rest_route=%2Fwp%2Fv2%2Fmedia&parent=23706"}],"wp:term":[{"taxonomy":"category","embeddable":true,"href":"https:\/\/www.vadib.de\/index.php?rest_route=%2Fwp%2Fv2%2Fcategories&post=23706"},{"taxonomy":"post_tag","embeddable":true,"href":"https:\/\/www.vadib.de\/index.php?rest_route=%2Fwp%2Fv2%2Ftags&post=23706"}],"curies":[{"name":"wp","href":"https:\/\/api.w.org\/{rel}","templated":true}]}}