{"id":23683,"date":"2025-06-14T18:14:25","date_gmt":"2025-06-14T16:14:25","guid":{"rendered":"https:\/\/www.vadib.de\/?p=23683"},"modified":"2025-06-14T18:14:27","modified_gmt":"2025-06-14T16:14:27","slug":"aktualisierte-daten-der-oeffentlich-gefoerderten-beschaeftigung-in-der-stadgemeinde-bremen-%e2%88%92-mai-2025","status":"publish","type":"post","link":"https:\/\/www.vadib.de\/?p=23683","title":{"rendered":"Aktualisierte Daten der \u00f6ffentlich gef\u00f6rderten Besch\u00e4ftigung in der Stadgemeinde Bremen \u2212 Mai 2025"},"content":{"rendered":"\n<figure class=\"wp-block-image size-full is-resized\"><img loading=\"lazy\" decoding=\"async\" width=\"722\" height=\"250\" src=\"https:\/\/www.vadib.de\/wp-content\/uploads\/2024\/04\/cropped-VaDiB_Logo_transparent.png\" alt=\"\" class=\"wp-image-18732\" style=\"width:122px;height:auto\" srcset=\"https:\/\/www.vadib.de\/wp-content\/uploads\/2024\/04\/cropped-VaDiB_Logo_transparent.png 722w, https:\/\/www.vadib.de\/wp-content\/uploads\/2024\/04\/cropped-VaDiB_Logo_transparent-300x104.png 300w\" sizes=\"auto, (max-width: 722px) 100vw, 722px\" \/><\/figure>\n\n\n\n<p>Bestand von Teilnehmenden in ausgew\u00e4hlten arbeitsmarktpolitischen Instrumenten in der Stadtgemeinde Bremen im Rechtskreis SGB II<\/p>\n\n\n\n<p><a href=\"https:\/\/www.vadib.de\/wp-content\/uploads\/2025\/06\/VaDiB_SGB-II_Bechaeftigung_Mai-2025-scaled.png\">Grafik anschauen<\/a><\/p>\n","protected":false},"excerpt":{"rendered":"<p>Bestand von Teilnehmenden in ausgew\u00e4hlten arbeitsmarktpolitischen Instrumenten in der Stadtgemeinde Bremen im Rechtskreis SGB II Grafik anschauen<\/p>\n","protected":false},"author":1,"featured_media":0,"comment_status":"closed","ping_status":"closed","sticky":false,"template":"","format":"standard","meta":{"footnotes":""},"categories":[1],"tags":[],"class_list":["post-23683","post","type-post","status-publish","format-standard","hentry","category-allgemein"],"_links":{"self":[{"href":"https:\/\/www.vadib.de\/index.php?rest_route=\/wp\/v2\/posts\/23683","targetHints":{"allow":["GET"]}}],"collection":[{"href":"https:\/\/www.vadib.de\/index.php?rest_route=\/wp\/v2\/posts"}],"about":[{"href":"https:\/\/www.vadib.de\/index.php?rest_route=\/wp\/v2\/types\/post"}],"author":[{"embeddable":true,"href":"https:\/\/www.vadib.de\/index.php?rest_route=\/wp\/v2\/users\/1"}],"replies":[{"embeddable":true,"href":"https:\/\/www.vadib.de\/index.php?rest_route=%2Fwp%2Fv2%2Fcomments&post=23683"}],"version-history":[{"count":1,"href":"https:\/\/www.vadib.de\/index.php?rest_route=\/wp\/v2\/posts\/23683\/revisions"}],"predecessor-version":[{"id":23685,"href":"https:\/\/www.vadib.de\/index.php?rest_route=\/wp\/v2\/posts\/23683\/revisions\/23685"}],"wp:attachment":[{"href":"https:\/\/www.vadib.de\/index.php?rest_route=%2Fwp%2Fv2%2Fmedia&parent=23683"}],"wp:term":[{"taxonomy":"category","embeddable":true,"href":"https:\/\/www.vadib.de\/index.php?rest_route=%2Fwp%2Fv2%2Fcategories&post=23683"},{"taxonomy":"post_tag","embeddable":true,"href":"https:\/\/www.vadib.de\/index.php?rest_route=%2Fwp%2Fv2%2Ftags&post=23683"}],"curies":[{"name":"wp","href":"https:\/\/api.w.org\/{rel}","templated":true}]}}