{"id":23681,"date":"2025-06-14T17:23:17","date_gmt":"2025-06-14T15:23:17","guid":{"rendered":"https:\/\/www.vadib.de\/?p=23681"},"modified":"2025-06-14T17:23:18","modified_gmt":"2025-06-14T15:23:18","slug":"perspektiven-der-oeffentlich-gefoerderten-beschaeftigung-in-bremen","status":"publish","type":"post","link":"https:\/\/www.vadib.de\/?p=23681","title":{"rendered":"Perspektiven der \u00f6ffentlich gef\u00f6rderten Besch\u00e4ftigung in Bremen"},"content":{"rendered":"\n<figure class=\"wp-block-image size-full is-resized\"><img loading=\"lazy\" decoding=\"async\" width=\"270\" height=\"59\" src=\"https:\/\/www.vadib.de\/wp-content\/uploads\/2024\/09\/Logo_Arbeitnehmerkammer-Bremen.png\" alt=\"\" class=\"wp-image-20475\" style=\"width:199px;height:auto\"\/><\/figure>\n\n\n\n<p>Bremen braucht Perspektiven f\u00fcr die steigende Zahl langzeitarbeitsloser Menschen. Aus Sicht der Arbeitnehmerkammer geh\u00f6rt eine differenzierte \u00f6ffentlich gef\u00f6rderte Besch\u00e4ftigung auch in Zukunft als wesentliche S\u00e4ule dazu. In der Reihe &#8222;KammerFokus&#8220; ist ein Diskussionsbeitrag dar\u00fcber erschienen, wie diese Zukunft aussehen kann.<\/p>\n\n\n\n<p><a href=\"https:\/\/www.arbeitnehmerkammer.de\/fileadmin\/user_upload\/Downloads\/Politik\/Arbeitsmarkt\/KammerFokus_Perspektiven_der_%C3%B6ffentlich_gef%C3%B6rderten_Besch%C3%A4ftigung_in_Bremen_2025.pdf\">Beitrag lesen<\/a><\/p>\n","protected":false},"excerpt":{"rendered":"<p>Bremen braucht Perspektiven f\u00fcr die steigende Zahl langzeitarbeitsloser Menschen. Aus Sicht der Arbeitnehmerkammer geh\u00f6rt eine differenzierte \u00f6ffentlich gef\u00f6rderte Besch\u00e4ftigung auch in Zukunft als wesentliche S\u00e4ule dazu. In der Reihe &#8222;KammerFokus&#8220; ist ein Diskussionsbeitrag dar\u00fcber erschienen, wie diese Zukunft aussehen kann. Beitrag lesen<\/p>\n","protected":false},"author":1,"featured_media":0,"comment_status":"closed","ping_status":"closed","sticky":false,"template":"","format":"standard","meta":{"footnotes":""},"categories":[1],"tags":[],"class_list":["post-23681","post","type-post","status-publish","format-standard","hentry","category-allgemein"],"_links":{"self":[{"href":"https:\/\/www.vadib.de\/index.php?rest_route=\/wp\/v2\/posts\/23681","targetHints":{"allow":["GET"]}}],"collection":[{"href":"https:\/\/www.vadib.de\/index.php?rest_route=\/wp\/v2\/posts"}],"about":[{"href":"https:\/\/www.vadib.de\/index.php?rest_route=\/wp\/v2\/types\/post"}],"author":[{"embeddable":true,"href":"https:\/\/www.vadib.de\/index.php?rest_route=\/wp\/v2\/users\/1"}],"replies":[{"embeddable":true,"href":"https:\/\/www.vadib.de\/index.php?rest_route=%2Fwp%2Fv2%2Fcomments&post=23681"}],"version-history":[{"count":1,"href":"https:\/\/www.vadib.de\/index.php?rest_route=\/wp\/v2\/posts\/23681\/revisions"}],"predecessor-version":[{"id":23682,"href":"https:\/\/www.vadib.de\/index.php?rest_route=\/wp\/v2\/posts\/23681\/revisions\/23682"}],"wp:attachment":[{"href":"https:\/\/www.vadib.de\/index.php?rest_route=%2Fwp%2Fv2%2Fmedia&parent=23681"}],"wp:term":[{"taxonomy":"category","embeddable":true,"href":"https:\/\/www.vadib.de\/index.php?rest_route=%2Fwp%2Fv2%2Fcategories&post=23681"},{"taxonomy":"post_tag","embeddable":true,"href":"https:\/\/www.vadib.de\/index.php?rest_route=%2Fwp%2Fv2%2Ftags&post=23681"}],"curies":[{"name":"wp","href":"https:\/\/api.w.org\/{rel}","templated":true}]}}