{"id":23672,"date":"2025-06-14T11:55:02","date_gmt":"2025-06-14T09:55:02","guid":{"rendered":"https:\/\/www.vadib.de\/?p=23672"},"modified":"2025-06-14T12:00:13","modified_gmt":"2025-06-14T10:00:13","slug":"__trashed-6","status":"publish","type":"post","link":"https:\/\/www.vadib.de\/?p=23672","title":{"rendered":"Bre\u00admer Ko\u00adali\u00adti\u00adons\u00adpar\u00adtei\u00aden ei\u00adni\u00adgen sich auf die Eck\u00adwer\u00adte f\u00fcr die Haus\u00adhal\u00adte 2026\/\u200b2027"},"content":{"rendered":"\n<figure class=\"wp-block-image size-full is-resized\"><img loading=\"lazy\" decoding=\"async\" width=\"225\" height=\"225\" src=\"https:\/\/www.vadib.de\/wp-content\/uploads\/2019\/12\/Logo_SPD.png\" alt=\"\" class=\"wp-image-5961\" style=\"width:54px;height:auto\" srcset=\"https:\/\/www.vadib.de\/wp-content\/uploads\/2019\/12\/Logo_SPD.png 225w, https:\/\/www.vadib.de\/wp-content\/uploads\/2019\/12\/Logo_SPD-150x150.png 150w, https:\/\/www.vadib.de\/wp-content\/uploads\/2019\/12\/Logo_SPD-100x100.png 100w\" sizes=\"auto, (max-width: 225px) 100vw, 225px\" \/><\/figure>\n\n\n\n<p>Viele Projekte in der Arbeitsmarktf\u00f6rderung sollen \u00fcber 2025 hinaus fortgesetzt werden. Um den Wegfall von Bundes- und EU-Mitteln auszugleichen, will das Land 38 Millionen Euro im Doppelhaushalt 2026\/27 investieren. <em>Anmerkung des S\u00e4zzers: Im Vergleich zu den 42 Mio. \u20ac (Haushaltssoll) plus 19 Mio. \u20ac zus\u00e4tzlichen Mitteln in 2025 wird damit dem Besch\u00e4ftigungspolitischen Aktionprogramm (Produkplan 31) f\u00fcr 2026 und 2027 jeweils rd. 48 Mio. \u20ac zur Verf\u00fcgung stehen. <\/em><\/p>\n\n\n\n<p><a href=\"https:\/\/www.spd-stadt-bremen.de\/Haushalte-2026-2027.html\">Mitteilung lesen<\/a><\/p>\n","protected":false},"excerpt":{"rendered":"<p>Viele Projekte in der Arbeitsmarktf\u00f6rderung sollen \u00fcber 2025 hinaus fortgesetzt werden. Um den Wegfall von Bundes- und EU-Mitteln auszugleichen, will das Land 38 Millionen Euro im Doppelhaushalt 2026\/27 investieren. Anmerkung des S\u00e4zzers: Im Vergleich zu den 42 Mio. \u20ac (Haushaltssoll) plus 19 Mio. \u20ac zus\u00e4tzlichen Mitteln in 2025 wird damit dem Besch\u00e4ftigungspolitischen Aktionprogramm (Produkplan 31) &hellip; <\/p>\n<p class=\"link-more\"><a href=\"https:\/\/www.vadib.de\/?p=23672\" class=\"more-link\"><span class=\"screen-reader-text\">\u201eBre\u00admer Ko\u00adali\u00adti\u00adons\u00adpar\u00adtei\u00aden ei\u00adni\u00adgen sich auf die Eck\u00adwer\u00adte f\u00fcr die Haus\u00adhal\u00adte 2026\/\u200b2027\u201c <\/span>weiterlesen<\/a><\/p>\n","protected":false},"author":1,"featured_media":0,"comment_status":"closed","ping_status":"closed","sticky":false,"template":"","format":"standard","meta":{"footnotes":""},"categories":[1],"tags":[],"class_list":["post-23672","post","type-post","status-publish","format-standard","hentry","category-allgemein"],"_links":{"self":[{"href":"https:\/\/www.vadib.de\/index.php?rest_route=\/wp\/v2\/posts\/23672","targetHints":{"allow":["GET"]}}],"collection":[{"href":"https:\/\/www.vadib.de\/index.php?rest_route=\/wp\/v2\/posts"}],"about":[{"href":"https:\/\/www.vadib.de\/index.php?rest_route=\/wp\/v2\/types\/post"}],"author":[{"embeddable":true,"href":"https:\/\/www.vadib.de\/index.php?rest_route=\/wp\/v2\/users\/1"}],"replies":[{"embeddable":true,"href":"https:\/\/www.vadib.de\/index.php?rest_route=%2Fwp%2Fv2%2Fcomments&post=23672"}],"version-history":[{"count":2,"href":"https:\/\/www.vadib.de\/index.php?rest_route=\/wp\/v2\/posts\/23672\/revisions"}],"predecessor-version":[{"id":23674,"href":"https:\/\/www.vadib.de\/index.php?rest_route=\/wp\/v2\/posts\/23672\/revisions\/23674"}],"wp:attachment":[{"href":"https:\/\/www.vadib.de\/index.php?rest_route=%2Fwp%2Fv2%2Fmedia&parent=23672"}],"wp:term":[{"taxonomy":"category","embeddable":true,"href":"https:\/\/www.vadib.de\/index.php?rest_route=%2Fwp%2Fv2%2Fcategories&post=23672"},{"taxonomy":"post_tag","embeddable":true,"href":"https:\/\/www.vadib.de\/index.php?rest_route=%2Fwp%2Fv2%2Ftags&post=23672"}],"curies":[{"name":"wp","href":"https:\/\/api.w.org\/{rel}","templated":true}]}}