{"id":23659,"date":"2025-06-13T07:41:56","date_gmt":"2025-06-13T05:41:56","guid":{"rendered":"https:\/\/www.vadib.de\/?p=23659"},"modified":"2025-06-13T07:41:56","modified_gmt":"2025-06-13T05:41:56","slug":"arbeitnehmerkammer-zu-den-eckwerten-des-doppelhaushalts-2026-2027","status":"publish","type":"post","link":"https:\/\/www.vadib.de\/?p=23659","title":{"rendered":"Arbeitnehmerkammer zu den Eckwerten des Doppelhaushalts 2026\/2027"},"content":{"rendered":"\n<figure class=\"wp-block-image size-full is-resized\"><img loading=\"lazy\" decoding=\"async\" width=\"270\" height=\"59\" src=\"https:\/\/www.vadib.de\/wp-content\/uploads\/2024\/09\/Logo_Arbeitnehmerkammer-Bremen.png\" alt=\"\" class=\"wp-image-20475\" style=\"width:197px;height:auto\"\/><\/figure>\n\n\n\n<p>Besonders hervorzuheben ist hier aus Sicht der Arbeitnehmerkammer, dass die Mittel f\u00fcr die Landearbeitsmarktpolitik mit 19 Millionen Euro pro Jahr deutlich aufgestockt werden. So k\u00f6nnen die ausgesch\u00f6pften Mittel aus dem Europ\u00e4ischen Sozialfonds (ESF) kompensiert werden. \u201eInsbesondere mit Blick auf den sozialen Arbeitsmarkt sieht sich die Arbeitnehmerkammer in ihren Bem\u00fchungen der letzten Monate best\u00e4tigt\u201c, lobt <strong>Peer Rosenthal<\/strong>, Hauptgesch\u00e4ftsf\u00fchrer der Arbeitnehmerkammer.<\/p>\n\n\n\n<p><a href=\"https:\/\/www.arbeitnehmerkammer.de\/service\/kommunikation-und-medien\/pressemitteilungen\/wichtige-investitionen-in-den-arbeitsmarkt.html\">Mitteilung lesen<\/a><\/p>\n","protected":false},"excerpt":{"rendered":"<p>Besonders hervorzuheben ist hier aus Sicht der Arbeitnehmerkammer, dass die Mittel f\u00fcr die Landearbeitsmarktpolitik mit 19 Millionen Euro pro Jahr deutlich aufgestockt werden. So k\u00f6nnen die ausgesch\u00f6pften Mittel aus dem Europ\u00e4ischen Sozialfonds (ESF) kompensiert werden. \u201eInsbesondere mit Blick auf den sozialen Arbeitsmarkt sieht sich die Arbeitnehmerkammer in ihren Bem\u00fchungen der letzten Monate best\u00e4tigt\u201c, lobt Peer &hellip; <\/p>\n<p class=\"link-more\"><a href=\"https:\/\/www.vadib.de\/?p=23659\" class=\"more-link\"><span class=\"screen-reader-text\">\u201eArbeitnehmerkammer zu den Eckwerten des Doppelhaushalts 2026\/2027\u201c <\/span>weiterlesen<\/a><\/p>\n","protected":false},"author":1,"featured_media":0,"comment_status":"closed","ping_status":"closed","sticky":false,"template":"","format":"standard","meta":{"footnotes":""},"categories":[1],"tags":[],"class_list":["post-23659","post","type-post","status-publish","format-standard","hentry","category-allgemein"],"_links":{"self":[{"href":"https:\/\/www.vadib.de\/index.php?rest_route=\/wp\/v2\/posts\/23659","targetHints":{"allow":["GET"]}}],"collection":[{"href":"https:\/\/www.vadib.de\/index.php?rest_route=\/wp\/v2\/posts"}],"about":[{"href":"https:\/\/www.vadib.de\/index.php?rest_route=\/wp\/v2\/types\/post"}],"author":[{"embeddable":true,"href":"https:\/\/www.vadib.de\/index.php?rest_route=\/wp\/v2\/users\/1"}],"replies":[{"embeddable":true,"href":"https:\/\/www.vadib.de\/index.php?rest_route=%2Fwp%2Fv2%2Fcomments&post=23659"}],"version-history":[{"count":1,"href":"https:\/\/www.vadib.de\/index.php?rest_route=\/wp\/v2\/posts\/23659\/revisions"}],"predecessor-version":[{"id":23660,"href":"https:\/\/www.vadib.de\/index.php?rest_route=\/wp\/v2\/posts\/23659\/revisions\/23660"}],"wp:attachment":[{"href":"https:\/\/www.vadib.de\/index.php?rest_route=%2Fwp%2Fv2%2Fmedia&parent=23659"}],"wp:term":[{"taxonomy":"category","embeddable":true,"href":"https:\/\/www.vadib.de\/index.php?rest_route=%2Fwp%2Fv2%2Fcategories&post=23659"},{"taxonomy":"post_tag","embeddable":true,"href":"https:\/\/www.vadib.de\/index.php?rest_route=%2Fwp%2Fv2%2Ftags&post=23659"}],"curies":[{"name":"wp","href":"https:\/\/api.w.org\/{rel}","templated":true}]}}