{"id":23654,"date":"2025-06-13T07:04:06","date_gmt":"2025-06-13T05:04:06","guid":{"rendered":"https:\/\/www.vadib.de\/?p=23654"},"modified":"2025-06-13T07:04:07","modified_gmt":"2025-06-13T05:04:07","slug":"zweiter-markt-der-moeglichkeiten-in-bremen-nord","status":"publish","type":"post","link":"https:\/\/www.vadib.de\/?p=23654","title":{"rendered":"Zweiter \u201eMarkt der M\u00f6glichkeiten\u201c in Bremen-Nord"},"content":{"rendered":"\n<figure class=\"wp-block-image size-full is-resized\"><img loading=\"lazy\" decoding=\"async\" width=\"318\" height=\"159\" src=\"https:\/\/www.vadib.de\/wp-content\/uploads\/2025\/06\/Logo_BLV.png\" alt=\"\" class=\"wp-image-23655\" style=\"width:95px;height:auto\" srcset=\"https:\/\/www.vadib.de\/wp-content\/uploads\/2025\/06\/Logo_BLV.png 318w, https:\/\/www.vadib.de\/wp-content\/uploads\/2025\/06\/Logo_BLV-300x150.png 300w\" sizes=\"auto, (max-width: 318px) 100vw, 318px\" \/><\/figure>\n\n\n\n<p>Zum Informationsaustausch hatten die Senatorin f\u00fcr Arbeit, Soziales, Jugend und Integration, der Wirtschafts- und Strukturrat Bremen-Nord (WIR) und die Landesagentur f\u00fcr berufliche Weiterbildung und Transformation (LABEW ) Unternehmer eingeladen. \u201eWie gewinnt man in Zeiten des Fachkr\u00e4ftemangels qualifizierte Arbeitskr\u00e4fte?\u201c Zahlreiche Interessierte waren der Einladung gefolgt; 22 Tr\u00e4ger der Aus- und Weiterbildung sowie digitaler Transformation hatten die M\u00f6glichkeit, \u00fcber ihre Arbeit zu berichten.<\/p>\n\n\n\n<p><a href=\"https:\/\/www.das-blv.de\/nachrichten\/aus-der-region\/moeglickeiten.html\">Beitrag lesen<\/a><\/p>\n","protected":false},"excerpt":{"rendered":"<p>Zum Informationsaustausch hatten die Senatorin f\u00fcr Arbeit, Soziales, Jugend und Integration, der Wirtschafts- und Strukturrat Bremen-Nord (WIR) und die Landesagentur f\u00fcr berufliche Weiterbildung und Transformation (LABEW ) Unternehmer eingeladen. \u201eWie gewinnt man in Zeiten des Fachkr\u00e4ftemangels qualifizierte Arbeitskr\u00e4fte?\u201c Zahlreiche Interessierte waren der Einladung gefolgt; 22 Tr\u00e4ger der Aus- und Weiterbildung sowie digitaler Transformation hatten die &hellip; <\/p>\n<p class=\"link-more\"><a href=\"https:\/\/www.vadib.de\/?p=23654\" class=\"more-link\"><span class=\"screen-reader-text\">\u201eZweiter \u201eMarkt der M\u00f6glichkeiten\u201c in Bremen-Nord\u201c <\/span>weiterlesen<\/a><\/p>\n","protected":false},"author":1,"featured_media":0,"comment_status":"closed","ping_status":"closed","sticky":false,"template":"","format":"standard","meta":{"footnotes":""},"categories":[1],"tags":[],"class_list":["post-23654","post","type-post","status-publish","format-standard","hentry","category-allgemein"],"_links":{"self":[{"href":"https:\/\/www.vadib.de\/index.php?rest_route=\/wp\/v2\/posts\/23654","targetHints":{"allow":["GET"]}}],"collection":[{"href":"https:\/\/www.vadib.de\/index.php?rest_route=\/wp\/v2\/posts"}],"about":[{"href":"https:\/\/www.vadib.de\/index.php?rest_route=\/wp\/v2\/types\/post"}],"author":[{"embeddable":true,"href":"https:\/\/www.vadib.de\/index.php?rest_route=\/wp\/v2\/users\/1"}],"replies":[{"embeddable":true,"href":"https:\/\/www.vadib.de\/index.php?rest_route=%2Fwp%2Fv2%2Fcomments&post=23654"}],"version-history":[{"count":1,"href":"https:\/\/www.vadib.de\/index.php?rest_route=\/wp\/v2\/posts\/23654\/revisions"}],"predecessor-version":[{"id":23656,"href":"https:\/\/www.vadib.de\/index.php?rest_route=\/wp\/v2\/posts\/23654\/revisions\/23656"}],"wp:attachment":[{"href":"https:\/\/www.vadib.de\/index.php?rest_route=%2Fwp%2Fv2%2Fmedia&parent=23654"}],"wp:term":[{"taxonomy":"category","embeddable":true,"href":"https:\/\/www.vadib.de\/index.php?rest_route=%2Fwp%2Fv2%2Fcategories&post=23654"},{"taxonomy":"post_tag","embeddable":true,"href":"https:\/\/www.vadib.de\/index.php?rest_route=%2Fwp%2Fv2%2Ftags&post=23654"}],"curies":[{"name":"wp","href":"https:\/\/api.w.org\/{rel}","templated":true}]}}