{"id":23645,"date":"2025-06-13T06:47:09","date_gmt":"2025-06-13T04:47:09","guid":{"rendered":"https:\/\/www.vadib.de\/?p=23645"},"modified":"2025-06-13T06:47:10","modified_gmt":"2025-06-13T04:47:10","slug":"atypische-beschaeftigung-2024-weiter-ruecklaeufig","status":"publish","type":"post","link":"https:\/\/www.vadib.de\/?p=23645","title":{"rendered":"Atypische Besch\u00e4ftigung 2024 weiter r\u00fcckl\u00e4ufig"},"content":{"rendered":"\n<figure class=\"wp-block-image size-full is-resized\"><img loading=\"lazy\" decoding=\"async\" width=\"469\" height=\"144\" src=\"https:\/\/www.vadib.de\/wp-content\/uploads\/2021\/03\/Logo_DESTATIS.png\" alt=\"\" class=\"wp-image-9434\" style=\"width:139px;height:auto\"\/><\/figure>\n\n\n\n<p>Nach Angaben des Statistischen Bundesamtes (Destatis) lag der Anteil atypisch Besch\u00e4ftigter an allen Kernerwerbst\u00e4tigen im Jahr 2024 bei 17,2 %. <\/p>\n\n\n\n<p><a href=\"https:\/\/www.destatis.de\/DE\/Presse\/Pressemitteilungen\/2025\/06\/PD25_203_13.html\">Mitteilung lesen<\/a><\/p>\n","protected":false},"excerpt":{"rendered":"<p>Nach Angaben des Statistischen Bundesamtes (Destatis) lag der Anteil atypisch Besch\u00e4ftigter an allen Kernerwerbst\u00e4tigen im Jahr 2024 bei 17,2 %. Mitteilung lesen<\/p>\n","protected":false},"author":1,"featured_media":0,"comment_status":"closed","ping_status":"closed","sticky":false,"template":"","format":"standard","meta":{"footnotes":""},"categories":[1],"tags":[],"class_list":["post-23645","post","type-post","status-publish","format-standard","hentry","category-allgemein"],"_links":{"self":[{"href":"https:\/\/www.vadib.de\/index.php?rest_route=\/wp\/v2\/posts\/23645","targetHints":{"allow":["GET"]}}],"collection":[{"href":"https:\/\/www.vadib.de\/index.php?rest_route=\/wp\/v2\/posts"}],"about":[{"href":"https:\/\/www.vadib.de\/index.php?rest_route=\/wp\/v2\/types\/post"}],"author":[{"embeddable":true,"href":"https:\/\/www.vadib.de\/index.php?rest_route=\/wp\/v2\/users\/1"}],"replies":[{"embeddable":true,"href":"https:\/\/www.vadib.de\/index.php?rest_route=%2Fwp%2Fv2%2Fcomments&post=23645"}],"version-history":[{"count":2,"href":"https:\/\/www.vadib.de\/index.php?rest_route=\/wp\/v2\/posts\/23645\/revisions"}],"predecessor-version":[{"id":23647,"href":"https:\/\/www.vadib.de\/index.php?rest_route=\/wp\/v2\/posts\/23645\/revisions\/23647"}],"wp:attachment":[{"href":"https:\/\/www.vadib.de\/index.php?rest_route=%2Fwp%2Fv2%2Fmedia&parent=23645"}],"wp:term":[{"taxonomy":"category","embeddable":true,"href":"https:\/\/www.vadib.de\/index.php?rest_route=%2Fwp%2Fv2%2Fcategories&post=23645"},{"taxonomy":"post_tag","embeddable":true,"href":"https:\/\/www.vadib.de\/index.php?rest_route=%2Fwp%2Fv2%2Ftags&post=23645"}],"curies":[{"name":"wp","href":"https:\/\/api.w.org\/{rel}","templated":true}]}}