{"id":23634,"date":"2025-06-09T03:37:00","date_gmt":"2025-06-09T01:37:00","guid":{"rendered":"https:\/\/www.vadib.de\/?p=23634"},"modified":"2025-06-08T13:38:17","modified_gmt":"2025-06-08T11:38:17","slug":"10-jahre-berufsagentur-fuer-jugendliche-karrierechance-fuer-junge-bremer","status":"publish","type":"post","link":"https:\/\/www.vadib.de\/?p=23634","title":{"rendered":"10 Jahre Berufsagentur f\u00fcr Jugendliche: Karrierechance f\u00fcr junge Bremer"},"content":{"rendered":"\n<figure class=\"wp-block-image size-full is-resized\"><img loading=\"lazy\" decoding=\"async\" width=\"282\" height=\"99\" src=\"https:\/\/www.vadib.de\/wp-content\/uploads\/2023\/03\/Logo_buten-un-binnen.png\" alt=\"\" class=\"wp-image-14865\" style=\"width:161px;height:auto\"\/><\/figure>\n\n\n\n<p>Die Bremer Jugendberufsagentur ist eine Unterst\u00fctzung f\u00fcr viele junge Leute. Zu ihnen geh\u00f6rt Daniel Cuka. Er ist vor zwei Jahren nach Deutschland gekommen \u2013 mit klaren Zielen f\u00fcr seine Zukunft.<\/p>\n\n\n\n<p><a href=\"https:\/\/www.butenunbinnen.de\/videos\/jugend-berufsagentur-bremen-arbeitsamt-jugendliche-jobsuche-100.html\">Beitrag anschauen<\/a><\/p>\n","protected":false},"excerpt":{"rendered":"<p>Die Bremer Jugendberufsagentur ist eine Unterst\u00fctzung f\u00fcr viele junge Leute. Zu ihnen geh\u00f6rt Daniel Cuka. Er ist vor zwei Jahren nach Deutschland gekommen \u2013 mit klaren Zielen f\u00fcr seine Zukunft. Beitrag anschauen<\/p>\n","protected":false},"author":1,"featured_media":0,"comment_status":"closed","ping_status":"closed","sticky":false,"template":"","format":"standard","meta":{"footnotes":""},"categories":[1],"tags":[],"class_list":["post-23634","post","type-post","status-publish","format-standard","hentry","category-allgemein"],"_links":{"self":[{"href":"https:\/\/www.vadib.de\/index.php?rest_route=\/wp\/v2\/posts\/23634","targetHints":{"allow":["GET"]}}],"collection":[{"href":"https:\/\/www.vadib.de\/index.php?rest_route=\/wp\/v2\/posts"}],"about":[{"href":"https:\/\/www.vadib.de\/index.php?rest_route=\/wp\/v2\/types\/post"}],"author":[{"embeddable":true,"href":"https:\/\/www.vadib.de\/index.php?rest_route=\/wp\/v2\/users\/1"}],"replies":[{"embeddable":true,"href":"https:\/\/www.vadib.de\/index.php?rest_route=%2Fwp%2Fv2%2Fcomments&post=23634"}],"version-history":[{"count":1,"href":"https:\/\/www.vadib.de\/index.php?rest_route=\/wp\/v2\/posts\/23634\/revisions"}],"predecessor-version":[{"id":23635,"href":"https:\/\/www.vadib.de\/index.php?rest_route=\/wp\/v2\/posts\/23634\/revisions\/23635"}],"wp:attachment":[{"href":"https:\/\/www.vadib.de\/index.php?rest_route=%2Fwp%2Fv2%2Fmedia&parent=23634"}],"wp:term":[{"taxonomy":"category","embeddable":true,"href":"https:\/\/www.vadib.de\/index.php?rest_route=%2Fwp%2Fv2%2Fcategories&post=23634"},{"taxonomy":"post_tag","embeddable":true,"href":"https:\/\/www.vadib.de\/index.php?rest_route=%2Fwp%2Fv2%2Ftags&post=23634"}],"curies":[{"name":"wp","href":"https:\/\/api.w.org\/{rel}","templated":true}]}}