{"id":23631,"date":"2025-06-07T16:54:46","date_gmt":"2025-06-07T14:54:46","guid":{"rendered":"https:\/\/www.vadib.de\/?p=23631"},"modified":"2025-06-07T16:54:47","modified_gmt":"2025-06-07T14:54:47","slug":"oeffentlich-gefoerderte-beschaeftigung-und-soziale-angebote-in-quartieren","status":"publish","type":"post","link":"https:\/\/www.vadib.de\/?p=23631","title":{"rendered":"\u00d6ffentlich gef\u00f6rderte Besch\u00e4ftigung und soziale Angebote in Quartieren"},"content":{"rendered":"\n<figure class=\"wp-block-image size-full is-resized\"><img loading=\"lazy\" decoding=\"async\" width=\"722\" height=\"250\" src=\"https:\/\/www.vadib.de\/wp-content\/uploads\/2024\/04\/cropped-VaDiB_Logo_transparent.png\" alt=\"\" class=\"wp-image-18732\" style=\"width:146px;height:auto\" srcset=\"https:\/\/www.vadib.de\/wp-content\/uploads\/2024\/04\/cropped-VaDiB_Logo_transparent.png 722w, https:\/\/www.vadib.de\/wp-content\/uploads\/2024\/04\/cropped-VaDiB_Logo_transparent-300x104.png 300w\" sizes=\"auto, (max-width: 722px) 100vw, 722px\" \/><\/figure>\n\n\n\n<p>Ein R\u00fcckblick auf die <strong>Veranstaltung des VaDiB<\/strong> am 27. Mai 2025 im KWADRAT in Bremen. Das gro\u00dfe Interesse an dieser Veranstaltung ist sichtbarer Ausdruck der schwierigen Situation, in die \u00f6ffentlich gef\u00f6rderte Besch\u00e4ftigung geraten ist.<\/p>\n\n\n\n<p><a href=\"https:\/\/www.vadib.de\/?page_id=23532\">Veranstaltungsr\u00fcckblick lesen<\/a><\/p>\n","protected":false},"excerpt":{"rendered":"<p>Ein R\u00fcckblick auf die Veranstaltung des VaDiB am 27. Mai 2025 im KWADRAT in Bremen. Das gro\u00dfe Interesse an dieser Veranstaltung ist sichtbarer Ausdruck der schwierigen Situation, in die \u00f6ffentlich gef\u00f6rderte Besch\u00e4ftigung geraten ist. Veranstaltungsr\u00fcckblick lesen<\/p>\n","protected":false},"author":1,"featured_media":0,"comment_status":"closed","ping_status":"closed","sticky":false,"template":"","format":"standard","meta":{"footnotes":""},"categories":[1],"tags":[],"class_list":["post-23631","post","type-post","status-publish","format-standard","hentry","category-allgemein"],"_links":{"self":[{"href":"https:\/\/www.vadib.de\/index.php?rest_route=\/wp\/v2\/posts\/23631","targetHints":{"allow":["GET"]}}],"collection":[{"href":"https:\/\/www.vadib.de\/index.php?rest_route=\/wp\/v2\/posts"}],"about":[{"href":"https:\/\/www.vadib.de\/index.php?rest_route=\/wp\/v2\/types\/post"}],"author":[{"embeddable":true,"href":"https:\/\/www.vadib.de\/index.php?rest_route=\/wp\/v2\/users\/1"}],"replies":[{"embeddable":true,"href":"https:\/\/www.vadib.de\/index.php?rest_route=%2Fwp%2Fv2%2Fcomments&post=23631"}],"version-history":[{"count":2,"href":"https:\/\/www.vadib.de\/index.php?rest_route=\/wp\/v2\/posts\/23631\/revisions"}],"predecessor-version":[{"id":23633,"href":"https:\/\/www.vadib.de\/index.php?rest_route=\/wp\/v2\/posts\/23631\/revisions\/23633"}],"wp:attachment":[{"href":"https:\/\/www.vadib.de\/index.php?rest_route=%2Fwp%2Fv2%2Fmedia&parent=23631"}],"wp:term":[{"taxonomy":"category","embeddable":true,"href":"https:\/\/www.vadib.de\/index.php?rest_route=%2Fwp%2Fv2%2Fcategories&post=23631"},{"taxonomy":"post_tag","embeddable":true,"href":"https:\/\/www.vadib.de\/index.php?rest_route=%2Fwp%2Fv2%2Ftags&post=23631"}],"curies":[{"name":"wp","href":"https:\/\/api.w.org\/{rel}","templated":true}]}}