{"id":23626,"date":"2025-06-07T16:03:39","date_gmt":"2025-06-07T14:03:39","guid":{"rendered":"https:\/\/www.vadib.de\/?p=23626"},"modified":"2025-06-07T16:03:40","modified_gmt":"2025-06-07T14:03:40","slug":"wir-muessen-davon-ausgehen-dass-uns-die-zoelle-90-000-jobs-binnen-eines-jahres-kosten","status":"publish","type":"post","link":"https:\/\/www.vadib.de\/?p=23626","title":{"rendered":"\u201eWir m\u00fcssen davon ausgehen, dass uns die Z\u00f6lle 90 000 Jobs binnen eines Jahres kosten\u201c"},"content":{"rendered":"\n<figure class=\"wp-block-image size-full is-resized\"><img loading=\"lazy\" decoding=\"async\" width=\"504\" height=\"228\" src=\"https:\/\/www.vadib.de\/wp-content\/uploads\/2018\/12\/SZ_Logo.png\" alt=\"\" class=\"wp-image-3113\" style=\"width:179px;height:auto\"\/><\/figure>\n\n\n\n<p><strong>Andrea Nahles<\/strong>, Chefin der Bundesagentur f\u00fcr Arbeit, \u00fcber die Folgen der Handelspolitik des US-Pr\u00e4sidenten f\u00fcr den deutschen Arbeitsmarkt und die Frage, wie viele Totalverweigerer es unter den B\u00fcrgergeldbeziehern wirklich gibt.<\/p>\n\n\n\n<p><a href=\"https:\/\/www.sueddeutsche.de\/wirtschaft\/nahles-interview-trump-zoelle-deutschland-arbeitslose-li.3233893\">Interview lesen<\/a><\/p>\n","protected":false},"excerpt":{"rendered":"<p>Andrea Nahles, Chefin der Bundesagentur f\u00fcr Arbeit, \u00fcber die Folgen der Handelspolitik des US-Pr\u00e4sidenten f\u00fcr den deutschen Arbeitsmarkt und die Frage, wie viele Totalverweigerer es unter den B\u00fcrgergeldbeziehern wirklich gibt. Interview lesen<\/p>\n","protected":false},"author":1,"featured_media":0,"comment_status":"closed","ping_status":"closed","sticky":false,"template":"","format":"standard","meta":{"footnotes":""},"categories":[1],"tags":[],"class_list":["post-23626","post","type-post","status-publish","format-standard","hentry","category-allgemein"],"_links":{"self":[{"href":"https:\/\/www.vadib.de\/index.php?rest_route=\/wp\/v2\/posts\/23626","targetHints":{"allow":["GET"]}}],"collection":[{"href":"https:\/\/www.vadib.de\/index.php?rest_route=\/wp\/v2\/posts"}],"about":[{"href":"https:\/\/www.vadib.de\/index.php?rest_route=\/wp\/v2\/types\/post"}],"author":[{"embeddable":true,"href":"https:\/\/www.vadib.de\/index.php?rest_route=\/wp\/v2\/users\/1"}],"replies":[{"embeddable":true,"href":"https:\/\/www.vadib.de\/index.php?rest_route=%2Fwp%2Fv2%2Fcomments&post=23626"}],"version-history":[{"count":1,"href":"https:\/\/www.vadib.de\/index.php?rest_route=\/wp\/v2\/posts\/23626\/revisions"}],"predecessor-version":[{"id":23627,"href":"https:\/\/www.vadib.de\/index.php?rest_route=\/wp\/v2\/posts\/23626\/revisions\/23627"}],"wp:attachment":[{"href":"https:\/\/www.vadib.de\/index.php?rest_route=%2Fwp%2Fv2%2Fmedia&parent=23626"}],"wp:term":[{"taxonomy":"category","embeddable":true,"href":"https:\/\/www.vadib.de\/index.php?rest_route=%2Fwp%2Fv2%2Fcategories&post=23626"},{"taxonomy":"post_tag","embeddable":true,"href":"https:\/\/www.vadib.de\/index.php?rest_route=%2Fwp%2Fv2%2Ftags&post=23626"}],"curies":[{"name":"wp","href":"https:\/\/api.w.org\/{rel}","templated":true}]}}