{"id":23608,"date":"2025-06-06T11:28:00","date_gmt":"2025-06-06T09:28:00","guid":{"rendered":"https:\/\/www.vadib.de\/?p=23608"},"modified":"2025-06-06T11:28:00","modified_gmt":"2025-06-06T09:28:00","slug":"ein-viertel-der-unternehmen-rechnet-mit-stellenabbau-durch-kuenstliche-intelligenz","status":"publish","type":"post","link":"https:\/\/www.vadib.de\/?p=23608","title":{"rendered":"Ein Viertel der Unternehmen rechnet mit Stellenabbau durch K\u00fcnstliche Intelligenz"},"content":{"rendered":"\n<figure class=\"wp-block-image size-full\"><img decoding=\"async\" src=\"https:\/\/www.vadib.de\/wp-content\/uploads\/2019\/02\/Logo_IFO-1-e1698746833615.png\" alt=\"\" class=\"wp-image-4026\"\/><\/figure>\n\n\n\n<p>Mehr als ein Viertel der Unternehmen geht davon aus, dass K\u00fcnstliche Intelligenz (KI) in den kommenden f\u00fcnf Jahren zum Abbau von Stellen f\u00fchren wird. \u201eUnternehmen, insbesondere die Industrie, erwarten einen durch KI beschleunigten Strukturwandel\u201c, sagt <strong>Klaus Wohlrabe<\/strong>, Leiter der ifo Umfragen. Nur 5,2% der Unternehmen rechnen mit zus\u00e4tzlichen Jobs.<\/p>\n\n\n\n<p><a href=\"https:\/\/www.ifo.de\/fakten\/2025-06-05\/ein-viertel-der-unternehmen-rechnet-mit-stellenabbau-durch-kuenstliche\">Beitrag lesen<\/a><\/p>\n","protected":false},"excerpt":{"rendered":"<p>Mehr als ein Viertel der Unternehmen geht davon aus, dass K\u00fcnstliche Intelligenz (KI) in den kommenden f\u00fcnf Jahren zum Abbau von Stellen f\u00fchren wird. \u201eUnternehmen, insbesondere die Industrie, erwarten einen durch KI beschleunigten Strukturwandel\u201c, sagt Klaus Wohlrabe, Leiter der ifo Umfragen. Nur 5,2% der Unternehmen rechnen mit zus\u00e4tzlichen Jobs. Beitrag lesen<\/p>\n","protected":false},"author":1,"featured_media":0,"comment_status":"closed","ping_status":"closed","sticky":false,"template":"","format":"standard","meta":{"footnotes":""},"categories":[1],"tags":[],"class_list":["post-23608","post","type-post","status-publish","format-standard","hentry","category-allgemein"],"_links":{"self":[{"href":"https:\/\/www.vadib.de\/index.php?rest_route=\/wp\/v2\/posts\/23608","targetHints":{"allow":["GET"]}}],"collection":[{"href":"https:\/\/www.vadib.de\/index.php?rest_route=\/wp\/v2\/posts"}],"about":[{"href":"https:\/\/www.vadib.de\/index.php?rest_route=\/wp\/v2\/types\/post"}],"author":[{"embeddable":true,"href":"https:\/\/www.vadib.de\/index.php?rest_route=\/wp\/v2\/users\/1"}],"replies":[{"embeddable":true,"href":"https:\/\/www.vadib.de\/index.php?rest_route=%2Fwp%2Fv2%2Fcomments&post=23608"}],"version-history":[{"count":1,"href":"https:\/\/www.vadib.de\/index.php?rest_route=\/wp\/v2\/posts\/23608\/revisions"}],"predecessor-version":[{"id":23612,"href":"https:\/\/www.vadib.de\/index.php?rest_route=\/wp\/v2\/posts\/23608\/revisions\/23612"}],"wp:attachment":[{"href":"https:\/\/www.vadib.de\/index.php?rest_route=%2Fwp%2Fv2%2Fmedia&parent=23608"}],"wp:term":[{"taxonomy":"category","embeddable":true,"href":"https:\/\/www.vadib.de\/index.php?rest_route=%2Fwp%2Fv2%2Fcategories&post=23608"},{"taxonomy":"post_tag","embeddable":true,"href":"https:\/\/www.vadib.de\/index.php?rest_route=%2Fwp%2Fv2%2Ftags&post=23608"}],"curies":[{"name":"wp","href":"https:\/\/api.w.org\/{rel}","templated":true}]}}