{"id":23604,"date":"2025-06-06T10:54:45","date_gmt":"2025-06-06T08:54:45","guid":{"rendered":"https:\/\/www.vadib.de\/?p=23604"},"modified":"2025-06-06T10:54:46","modified_gmt":"2025-06-06T08:54:46","slug":"gemeinsame-kampagne-setzt-sich-fuer-investitionen-in-die-weiterbildung-ein","status":"publish","type":"post","link":"https:\/\/www.vadib.de\/?p=23604","title":{"rendered":"Gemeinsame Kampagne setzt sich f\u00fcr Investitionen in die Weiterbildung ein"},"content":{"rendered":"\n<figure class=\"wp-block-image size-full is-resized\"><img loading=\"lazy\" decoding=\"async\" width=\"270\" height=\"59\" src=\"https:\/\/www.vadib.de\/wp-content\/uploads\/2024\/09\/Logo_Arbeitnehmerkammer-Bremen.png\" alt=\"\" class=\"wp-image-20475\" style=\"width:205px;height:auto\"\/><\/figure>\n\n\n\n<p>In Anbetracht der anstehenden Haushaltsverhandlungen setzen sich die <strong>Arbeitnehmerkammer Bremen, wisoak, Parit\u00e4tische Bildungswerk<\/strong>\u00a0<strong>Bremen<\/strong> sowie <strong>Arbeit und Leben Bremen<\/strong> deswegen daf\u00fcr ein, mehr in Weiterbildung und Sprachf\u00f6rderung zu investieren. Daf\u00fcr haben sie gemeinsam die Social-Media-Kampagne \u201eWeiterbildung st\u00e4rken\u201c auf den Weg gebracht: In sieben Videos berichten unter anderem Teilnehmende von Bildungsangeboten von ihren Erfahrungen.<\/p>\n\n\n\n<p><a href=\"https:\/\/www.arbeitnehmerkammer.de\/service\/kommunikation-und-medien\/pressemitteilungen\/weiterbildung.html\">Mitteilung lesen<\/a><\/p>\n","protected":false},"excerpt":{"rendered":"<p>In Anbetracht der anstehenden Haushaltsverhandlungen setzen sich die Arbeitnehmerkammer Bremen, wisoak, Parit\u00e4tische Bildungswerk\u00a0Bremen sowie Arbeit und Leben Bremen deswegen daf\u00fcr ein, mehr in Weiterbildung und Sprachf\u00f6rderung zu investieren. Daf\u00fcr haben sie gemeinsam die Social-Media-Kampagne \u201eWeiterbildung st\u00e4rken\u201c auf den Weg gebracht: In sieben Videos berichten unter anderem Teilnehmende von Bildungsangeboten von ihren Erfahrungen. Mitteilung lesen<\/p>\n","protected":false},"author":1,"featured_media":0,"comment_status":"closed","ping_status":"closed","sticky":false,"template":"","format":"standard","meta":{"footnotes":""},"categories":[1],"tags":[],"class_list":["post-23604","post","type-post","status-publish","format-standard","hentry","category-allgemein"],"_links":{"self":[{"href":"https:\/\/www.vadib.de\/index.php?rest_route=\/wp\/v2\/posts\/23604","targetHints":{"allow":["GET"]}}],"collection":[{"href":"https:\/\/www.vadib.de\/index.php?rest_route=\/wp\/v2\/posts"}],"about":[{"href":"https:\/\/www.vadib.de\/index.php?rest_route=\/wp\/v2\/types\/post"}],"author":[{"embeddable":true,"href":"https:\/\/www.vadib.de\/index.php?rest_route=\/wp\/v2\/users\/1"}],"replies":[{"embeddable":true,"href":"https:\/\/www.vadib.de\/index.php?rest_route=%2Fwp%2Fv2%2Fcomments&post=23604"}],"version-history":[{"count":1,"href":"https:\/\/www.vadib.de\/index.php?rest_route=\/wp\/v2\/posts\/23604\/revisions"}],"predecessor-version":[{"id":23605,"href":"https:\/\/www.vadib.de\/index.php?rest_route=\/wp\/v2\/posts\/23604\/revisions\/23605"}],"wp:attachment":[{"href":"https:\/\/www.vadib.de\/index.php?rest_route=%2Fwp%2Fv2%2Fmedia&parent=23604"}],"wp:term":[{"taxonomy":"category","embeddable":true,"href":"https:\/\/www.vadib.de\/index.php?rest_route=%2Fwp%2Fv2%2Fcategories&post=23604"},{"taxonomy":"post_tag","embeddable":true,"href":"https:\/\/www.vadib.de\/index.php?rest_route=%2Fwp%2Fv2%2Ftags&post=23604"}],"curies":[{"name":"wp","href":"https:\/\/api.w.org\/{rel}","templated":true}]}}