{"id":23556,"date":"2025-06-04T09:02:56","date_gmt":"2025-06-04T07:02:56","guid":{"rendered":"https:\/\/www.vadib.de\/?p=23556"},"modified":"2025-06-04T09:02:56","modified_gmt":"2025-06-04T07:02:56","slug":"bas-will-mafioese-strukturen-zerschlagen","status":"publish","type":"post","link":"https:\/\/www.vadib.de\/?p=23556","title":{"rendered":"Bas will &#8222;mafi\u00f6se Strukturen&#8220; zerschlagen"},"content":{"rendered":"\n<figure class=\"wp-block-image size-full is-resized\"><img loading=\"lazy\" decoding=\"async\" width=\"479\" height=\"139\" src=\"https:\/\/www.vadib.de\/wp-content\/uploads\/2021\/03\/Logo_Tagesschau.png\" alt=\"\" class=\"wp-image-9656\" style=\"width:147px;height:auto\"\/><\/figure>\n\n\n\n<p>Beim B\u00fcrgergeld haben sich Union und SPD auf \u00c4nderungen geeinigt &#8211; und auch der Name soll verschwinden. Arbeitsministerin Bas plant au\u00dferdem mehr Ma\u00dfnahmen gegen den Missbrauch von Sozialleistungen.<\/p>\n\n\n\n<p><a href=\"https:\/\/www.tagesschau.de\/inland\/innenpolitik\/bas-buergergeld-100.html\">Nachricht lesen<\/a><\/p>\n","protected":false},"excerpt":{"rendered":"<p>Beim B\u00fcrgergeld haben sich Union und SPD auf \u00c4nderungen geeinigt &#8211; und auch der Name soll verschwinden. Arbeitsministerin Bas plant au\u00dferdem mehr Ma\u00dfnahmen gegen den Missbrauch von Sozialleistungen. Nachricht lesen<\/p>\n","protected":false},"author":1,"featured_media":0,"comment_status":"closed","ping_status":"closed","sticky":false,"template":"","format":"standard","meta":{"footnotes":""},"categories":[1],"tags":[],"class_list":["post-23556","post","type-post","status-publish","format-standard","hentry","category-allgemein"],"_links":{"self":[{"href":"https:\/\/www.vadib.de\/index.php?rest_route=\/wp\/v2\/posts\/23556","targetHints":{"allow":["GET"]}}],"collection":[{"href":"https:\/\/www.vadib.de\/index.php?rest_route=\/wp\/v2\/posts"}],"about":[{"href":"https:\/\/www.vadib.de\/index.php?rest_route=\/wp\/v2\/types\/post"}],"author":[{"embeddable":true,"href":"https:\/\/www.vadib.de\/index.php?rest_route=\/wp\/v2\/users\/1"}],"replies":[{"embeddable":true,"href":"https:\/\/www.vadib.de\/index.php?rest_route=%2Fwp%2Fv2%2Fcomments&post=23556"}],"version-history":[{"count":1,"href":"https:\/\/www.vadib.de\/index.php?rest_route=\/wp\/v2\/posts\/23556\/revisions"}],"predecessor-version":[{"id":23557,"href":"https:\/\/www.vadib.de\/index.php?rest_route=\/wp\/v2\/posts\/23556\/revisions\/23557"}],"wp:attachment":[{"href":"https:\/\/www.vadib.de\/index.php?rest_route=%2Fwp%2Fv2%2Fmedia&parent=23556"}],"wp:term":[{"taxonomy":"category","embeddable":true,"href":"https:\/\/www.vadib.de\/index.php?rest_route=%2Fwp%2Fv2%2Fcategories&post=23556"},{"taxonomy":"post_tag","embeddable":true,"href":"https:\/\/www.vadib.de\/index.php?rest_route=%2Fwp%2Fv2%2Ftags&post=23556"}],"curies":[{"name":"wp","href":"https:\/\/api.w.org\/{rel}","templated":true}]}}