{"id":23466,"date":"2025-05-28T16:39:39","date_gmt":"2025-05-28T14:39:39","guid":{"rendered":"https:\/\/www.vadib.de\/?p=23466"},"modified":"2025-05-28T16:39:40","modified_gmt":"2025-05-28T14:39:40","slug":"deputation-fuer-arbeit-am-27-02-2024-2-2-2-2-2-2-3-2-2-2","status":"publish","type":"post","link":"https:\/\/www.vadib.de\/?p=23466","title":{"rendered":"Deputation f\u00fcr Arbeit am 03.06.2025"},"content":{"rendered":"\n<figure class=\"wp-block-image size-full is-resized\"><img loading=\"lazy\" decoding=\"async\" width=\"200\" height=\"88\" src=\"https:\/\/www.vadib.de\/wp-content\/uploads\/2019\/01\/Logo-Bremische-B\u00fcrgerschaft-1.png\" alt=\"\" class=\"wp-image-3633\" style=\"width:168px;height:auto\"\/><\/figure>\n\n\n\n<p>Auf dieser Sitzung der Deputation f\u00fcr Arbeit sind folgende Vorlagen aus arbeitsmarktpolitischer Sicht von Interesse:<\/p>\n\n\n\n<p><strong>Zwischenbericht zur Konzepterstellung \u201eMake it in Bremen! Mit dem Welcome Center in die berufliche Zukunft starten<\/strong>&#8222;<br><a href=\"https:\/\/sd.bremische-buergerschaft.de\/sdnetrim\/UGhVM0hpd2NXNFdFcExjZadd4c3SQ8gmk-Oaiba81qPLpB8oC8v8bxrE69Q7E_r-\/Beschlussvorlage_Ausschuesse-Deputationen_VL_21-4770.pdf\">21\/4770 Vorlage<\/a><br><a href=\"https:\/\/sd.bremische-buergerschaft.de\/sdnetrim\/UGhVM0hpd2NXNFdFcExjZUFqP2KomKMrymDFujvhc1AQ7wOMTmFmExOpdGE7Eiy-\/TOP_II.1_-L-_Zwischenbericht_Welcome_Center_Anlage.pdf\">21\/4770 Anlage<\/a><\/p>\n\n\n\n<p><strong>Umsetzung der Beschlussfassung der 3. Sitzung der Senatskommission Personalbedarfsermittlung und -planung bez\u00fcglich der Senatorin f\u00fcr Arbeit, Soziales, Jugend und Integration \u2013 Produktplan 31<\/strong><br><a href=\"https:\/\/sd.bremische-buergerschaft.de\/sdnetrim\/UGhVM0hpd2NXNFdFcExjZXF-TxQ-ERjob57JDg6XJoekMAQ39nQ-8NonG6wq5KVy\/Beschlussvorlage_Ausschuesse-Deputationen_VL_21-4773.pdf\">21\/4773 Vorlage<\/a><\/p>\n\n\n\n<p><strong>Bericht zur Halbzeit\u00fcberpr\u00fcfung des ESF Plus gem\u00e4\u00df Art. 18 VO (EU) 2021\/1060<\/strong><br><a href=\"https:\/\/sd.bremische-buergerschaft.de\/sdnetrim\/UGhVM0hpd2NXNFdFcExjZbDFZSPOphxurTZjjXc6SZQk4hck6WXrqHHtk-GdQ-B6\/Beschlussvorlage_Ausschuesse-Deputationen_VL_21-4776.pdf\">21\/4776 Vorlage<\/a><br><a href=\"https:\/\/sd.bremische-buergerschaft.de\/sdnetrim\/UGhVM0hpd2NXNFdFcExjZSohY3o33uHOoaW7b4nTzgEnFAJjHXZT_F5azqqe6OUT\/TOP_II.5_-L-_Bericht_zur_Halbzeitueberpruefung_ESF_Plus_Anlag.pdf\">21\/4776 Anlage<\/a><\/p>\n\n\n\n<p><strong>Bericht \u00fcber die Informationsreise der Deputation f\u00fcr Arbeit vom 02. bis 04. April 2025 nach Wien<\/strong><br><a href=\"https:\/\/sd.bremische-buergerschaft.de\/sdnetrim\/UGhVM0hpd2NXNFdFcExjZSHAqwPoEfuYaI9Miu_PmskQapbsm_S1DzT1TvU6Mx3a\/Beschlussvorlage_Ausschuesse-Deputationen_VL_21-4778.pdf\">21\/4778 Vorlage<\/a><br><a href=\"https:\/\/sd.bremische-buergerschaft.de\/sdnetrim\/UGhVM0hpd2NXNFdFcExjZUhqlzBBLpZVedL5gDz-mMGeSWnECk_dsbhIp6Sm09WS\/TOP_II.7_-L_S-_Bericht_der_Depu_ueber_Inforeise_2025_Anlage.pdf\">21\/4778 Anlage<\/a><\/p>\n\n\n\n<p><strong>Institutionelle F\u00f6rderung der Ausbildungsgesellschaft Bremen (ABiG)<\/strong><br><a href=\"https:\/\/sd.bremische-buergerschaft.de\/sdnetrim\/UGhVM0hpd2NXNFdFcExjZQGKK3aJKyPgqwh6vueAb9-sMw1J7xuPcW6YMDUVYAra\/Beschlussvorlage_Ausschuesse-Deputationen_VL_21-4779.pdf\">21\/4779 Vorlage<\/a><br><a href=\"https:\/\/sd.bremische-buergerschaft.de\/sdnetrim\/UGhVM0hpd2NXNFdFcExjZTFo2Cdn3dkG-8mVi5-rSy5UXEKSi5KE35E9y7lmKbEH\/TOP_II.4_-L-_Institutionelle_Foerderung_ABiG_Anlage.pdf\">21\/4779 Anlage<\/a><\/p>\n\n\n\n<p><strong>ESF-Ma\u00dfnahmen ab dem Jahr 2014 (Berichtsbitte der Fraktion der FDP)<\/strong><br><a href=\"https:\/\/sd.bremische-buergerschaft.de\/sdnetrim\/UGhVM0hpd2NXNFdFcExjZQ_wnIKj3rM7SJKyaazhscYvLCUHBeM8utXYHz-2qB6k\/Beschlussvorlage_Ausschuesse-Deputationen_VL_21-4781.pdf\">21\/4781 Vorlage<\/a><br><a href=\"https:\/\/sd.bremische-buergerschaft.de\/sdnetrim\/UGhVM0hpd2NXNFdFcExjZVIHFX6GFr2SM9MMOg8NFiGhhZSd5QGQOK_iYE1UJakA\/TOP_III.1_-L-_ESF-Massnahmen_ab_dem_Jahr_2014_Anlage.pdf\">21\/4781 Anlage<\/a><\/p>\n\n\n\n<p><strong>Ausbildungsverb\u00fcnde (Berichtsbitte der Fraktion der FDP)<\/strong><br><a href=\"https:\/\/sd.bremische-buergerschaft.de\/sdnetrim\/UGhVM0hpd2NXNFdFcExjZQiBcz8pTNFALDI2OC3WnctBY2TO2EVP3tc96a444mQB\/Beschlussvorlage_Ausschuesse-Deputationen_VL_21-4782.pdf\">21\/4782 Vorlage<\/a><br><a href=\"https:\/\/sd.bremische-buergerschaft.de\/sdnetrim\/UGhVM0hpd2NXNFdFcExjZRvbyxth-eTWe0akiIUeAPDUNUT_scPETUQyuN4RB10T\/TOP_III.2_-L-_Ausbildungsverbuende_Anlage.pdf\">21\/4782 Anlage<\/a><\/p>\n","protected":false},"excerpt":{"rendered":"<p>Auf dieser Sitzung der Deputation f\u00fcr Arbeit sind folgende Vorlagen aus arbeitsmarktpolitischer Sicht von Interesse: Zwischenbericht zur Konzepterstellung \u201eMake it in Bremen! Mit dem Welcome Center in die berufliche Zukunft starten&#8222;21\/4770 Vorlage21\/4770 Anlage Umsetzung der Beschlussfassung der 3. Sitzung der Senatskommission Personalbedarfsermittlung und -planung bez\u00fcglich der Senatorin f\u00fcr Arbeit, Soziales, Jugend und Integration \u2013 Produktplan &hellip; <\/p>\n<p class=\"link-more\"><a href=\"https:\/\/www.vadib.de\/?p=23466\" class=\"more-link\"><span class=\"screen-reader-text\">\u201eDeputation f\u00fcr Arbeit am 03.06.2025\u201c <\/span>weiterlesen<\/a><\/p>\n","protected":false},"author":1,"featured_media":0,"comment_status":"closed","ping_status":"closed","sticky":false,"template":"","format":"standard","meta":{"footnotes":""},"categories":[1],"tags":[],"class_list":["post-23466","post","type-post","status-publish","format-standard","hentry","category-allgemein"],"_links":{"self":[{"href":"https:\/\/www.vadib.de\/index.php?rest_route=\/wp\/v2\/posts\/23466","targetHints":{"allow":["GET"]}}],"collection":[{"href":"https:\/\/www.vadib.de\/index.php?rest_route=\/wp\/v2\/posts"}],"about":[{"href":"https:\/\/www.vadib.de\/index.php?rest_route=\/wp\/v2\/types\/post"}],"author":[{"embeddable":true,"href":"https:\/\/www.vadib.de\/index.php?rest_route=\/wp\/v2\/users\/1"}],"replies":[{"embeddable":true,"href":"https:\/\/www.vadib.de\/index.php?rest_route=%2Fwp%2Fv2%2Fcomments&post=23466"}],"version-history":[{"count":1,"href":"https:\/\/www.vadib.de\/index.php?rest_route=\/wp\/v2\/posts\/23466\/revisions"}],"predecessor-version":[{"id":23467,"href":"https:\/\/www.vadib.de\/index.php?rest_route=\/wp\/v2\/posts\/23466\/revisions\/23467"}],"wp:attachment":[{"href":"https:\/\/www.vadib.de\/index.php?rest_route=%2Fwp%2Fv2%2Fmedia&parent=23466"}],"wp:term":[{"taxonomy":"category","embeddable":true,"href":"https:\/\/www.vadib.de\/index.php?rest_route=%2Fwp%2Fv2%2Fcategories&post=23466"},{"taxonomy":"post_tag","embeddable":true,"href":"https:\/\/www.vadib.de\/index.php?rest_route=%2Fwp%2Fv2%2Ftags&post=23466"}],"curies":[{"name":"wp","href":"https:\/\/api.w.org\/{rel}","templated":true}]}}