{"id":23444,"date":"2025-05-27T11:36:40","date_gmt":"2025-05-27T09:36:40","guid":{"rendered":"https:\/\/www.vadib.de\/?p=23444"},"modified":"2025-05-27T11:36:41","modified_gmt":"2025-05-27T09:36:41","slug":"stellungnahme-zur-aussetzung-des-familiennachzugs-zu-subsidiaer-schutzberechtigten","status":"publish","type":"post","link":"https:\/\/www.vadib.de\/?p=23444","title":{"rendered":"Stellungnahme zur Aussetzung des Familiennachzugs zu subsidi\u00e4r Schutzberechtigten"},"content":{"rendered":"\n<figure class=\"wp-block-image size-full is-resized\"><img loading=\"lazy\" decoding=\"async\" width=\"486\" height=\"150\" src=\"https:\/\/www.vadib.de\/wp-content\/uploads\/2018\/08\/Logo-Parit\u00e4tischer-Gesamtverband.png\" alt=\"\" class=\"wp-image-2037\" style=\"width:219px;height:auto\"\/><\/figure>\n\n\n\n<p>Die im Koalitionsvertrag angek\u00fcndigte Aussetzung des Familiennachzugs zu subsidi\u00e4r Schutzberechtigten soll in K\u00fcrze vom Kabinett beschlossen und als Gesetzentwurf in den Bundestag eingebracht werden. Der Parit\u00e4tische Gesamtverband hat daher eine Kurz-Stellungnahme zur geplanten Aussetzung des Familiennachzugs verfasst.<\/p>\n\n\n\n<p><a href=\"https:\/\/www.der-paritaetische.de\/alle-meldungen\/kurz-stellungnahme-zur-aussetzung-des-familiennachzugs-zu-subsidiaer-schutzberechtigten\/\">Mitteilung lesen<\/a><\/p>\n","protected":false},"excerpt":{"rendered":"<p>Die im Koalitionsvertrag angek\u00fcndigte Aussetzung des Familiennachzugs zu subsidi\u00e4r Schutzberechtigten soll in K\u00fcrze vom Kabinett beschlossen und als Gesetzentwurf in den Bundestag eingebracht werden. Der Parit\u00e4tische Gesamtverband hat daher eine Kurz-Stellungnahme zur geplanten Aussetzung des Familiennachzugs verfasst. Mitteilung lesen<\/p>\n","protected":false},"author":1,"featured_media":0,"comment_status":"closed","ping_status":"closed","sticky":false,"template":"","format":"standard","meta":{"footnotes":""},"categories":[1],"tags":[],"class_list":["post-23444","post","type-post","status-publish","format-standard","hentry","category-allgemein"],"_links":{"self":[{"href":"https:\/\/www.vadib.de\/index.php?rest_route=\/wp\/v2\/posts\/23444","targetHints":{"allow":["GET"]}}],"collection":[{"href":"https:\/\/www.vadib.de\/index.php?rest_route=\/wp\/v2\/posts"}],"about":[{"href":"https:\/\/www.vadib.de\/index.php?rest_route=\/wp\/v2\/types\/post"}],"author":[{"embeddable":true,"href":"https:\/\/www.vadib.de\/index.php?rest_route=\/wp\/v2\/users\/1"}],"replies":[{"embeddable":true,"href":"https:\/\/www.vadib.de\/index.php?rest_route=%2Fwp%2Fv2%2Fcomments&post=23444"}],"version-history":[{"count":1,"href":"https:\/\/www.vadib.de\/index.php?rest_route=\/wp\/v2\/posts\/23444\/revisions"}],"predecessor-version":[{"id":23445,"href":"https:\/\/www.vadib.de\/index.php?rest_route=\/wp\/v2\/posts\/23444\/revisions\/23445"}],"wp:attachment":[{"href":"https:\/\/www.vadib.de\/index.php?rest_route=%2Fwp%2Fv2%2Fmedia&parent=23444"}],"wp:term":[{"taxonomy":"category","embeddable":true,"href":"https:\/\/www.vadib.de\/index.php?rest_route=%2Fwp%2Fv2%2Fcategories&post=23444"},{"taxonomy":"post_tag","embeddable":true,"href":"https:\/\/www.vadib.de\/index.php?rest_route=%2Fwp%2Fv2%2Ftags&post=23444"}],"curies":[{"name":"wp","href":"https:\/\/api.w.org\/{rel}","templated":true}]}}