{"id":23431,"date":"2025-05-26T14:42:08","date_gmt":"2025-05-26T12:42:08","guid":{"rendered":"https:\/\/www.vadib.de\/?p=23431"},"modified":"2025-05-26T14:42:09","modified_gmt":"2025-05-26T12:42:09","slug":"65-der-arbeitnehmerinnen-und-arbeitnehmer-fahren-mit-dem-auto-zur-arbeit","status":"publish","type":"post","link":"https:\/\/www.vadib.de\/?p=23431","title":{"rendered":"65\u00a0% der Arbeitnehmerinnen und Arbeitnehmer fahren mit dem Auto zur Arbeit"},"content":{"rendered":"\n<figure class=\"wp-block-image size-full is-resized\"><img loading=\"lazy\" decoding=\"async\" width=\"469\" height=\"144\" src=\"https:\/\/www.vadib.de\/wp-content\/uploads\/2021\/03\/Logo_DESTATIS.png\" alt=\"\" class=\"wp-image-9434\" style=\"width:139px;height:auto\"\/><\/figure>\n\n\n\n<p>\u00d6ffentliche Verkehrsmittel wie Bus oder Bahn nutzten hingegen nur 16 % der Arbeitnehmerinnen und Arbeitnehmer f\u00fcr ihren Arbeitsweg. Mit dem Fahrrad fuhren 10 % regelm\u00e4\u00dfig zur Arbeit, zu Fu\u00df gingen 7 %.<\/p>\n\n\n\n<p><a href=\"https:\/\/www.destatis.de\/DE\/Presse\/Pressemitteilungen\/2025\/05\/PD25_N027_13.html\">Mitteilung lesen<\/a><\/p>\n","protected":false},"excerpt":{"rendered":"<p>\u00d6ffentliche Verkehrsmittel wie Bus oder Bahn nutzten hingegen nur 16 % der Arbeitnehmerinnen und Arbeitnehmer f\u00fcr ihren Arbeitsweg. Mit dem Fahrrad fuhren 10 % regelm\u00e4\u00dfig zur Arbeit, zu Fu\u00df gingen 7 %. Mitteilung lesen<\/p>\n","protected":false},"author":1,"featured_media":0,"comment_status":"closed","ping_status":"closed","sticky":false,"template":"","format":"standard","meta":{"footnotes":""},"categories":[1],"tags":[],"class_list":["post-23431","post","type-post","status-publish","format-standard","hentry","category-allgemein"],"_links":{"self":[{"href":"https:\/\/www.vadib.de\/index.php?rest_route=\/wp\/v2\/posts\/23431","targetHints":{"allow":["GET"]}}],"collection":[{"href":"https:\/\/www.vadib.de\/index.php?rest_route=\/wp\/v2\/posts"}],"about":[{"href":"https:\/\/www.vadib.de\/index.php?rest_route=\/wp\/v2\/types\/post"}],"author":[{"embeddable":true,"href":"https:\/\/www.vadib.de\/index.php?rest_route=\/wp\/v2\/users\/1"}],"replies":[{"embeddable":true,"href":"https:\/\/www.vadib.de\/index.php?rest_route=%2Fwp%2Fv2%2Fcomments&post=23431"}],"version-history":[{"count":1,"href":"https:\/\/www.vadib.de\/index.php?rest_route=\/wp\/v2\/posts\/23431\/revisions"}],"predecessor-version":[{"id":23432,"href":"https:\/\/www.vadib.de\/index.php?rest_route=\/wp\/v2\/posts\/23431\/revisions\/23432"}],"wp:attachment":[{"href":"https:\/\/www.vadib.de\/index.php?rest_route=%2Fwp%2Fv2%2Fmedia&parent=23431"}],"wp:term":[{"taxonomy":"category","embeddable":true,"href":"https:\/\/www.vadib.de\/index.php?rest_route=%2Fwp%2Fv2%2Fcategories&post=23431"},{"taxonomy":"post_tag","embeddable":true,"href":"https:\/\/www.vadib.de\/index.php?rest_route=%2Fwp%2Fv2%2Ftags&post=23431"}],"curies":[{"name":"wp","href":"https:\/\/api.w.org\/{rel}","templated":true}]}}