{"id":23429,"date":"2025-05-26T14:38:06","date_gmt":"2025-05-26T12:38:06","guid":{"rendered":"https:\/\/www.vadib.de\/?p=23429"},"modified":"2025-05-26T14:38:06","modified_gmt":"2025-05-26T12:38:06","slug":"die-einsamkeit-junger-menschen-ist-eine-gefahr-fuer-die-demokratie","status":"publish","type":"post","link":"https:\/\/www.vadib.de\/?p=23429","title":{"rendered":"Die Einsamkeit junger Menschen ist eine Gefahr f\u00fcr die Demokratie"},"content":{"rendered":"\n<figure class=\"wp-block-image size-full is-resized\"><img loading=\"lazy\" decoding=\"async\" width=\"600\" height=\"88\" src=\"https:\/\/www.vadib.de\/wp-content\/uploads\/2021\/03\/Logo_Bertelsmann-Stiftung.png\" alt=\"\" class=\"wp-image-9663\" style=\"width:241px;height:auto\"\/><\/figure>\n\n\n\n<p>Das geht aus einer Befragung von 16- bis 30-J\u00e4hrigen in unserem Auftrag hervor. Neben dem fehlenden Engagement droht eine wachsende Anf\u00e4lligkeit f\u00fcr politische Entfremdung und Radikalisierung. Einsamkeit ist daher nicht nur ein individuelles und soziales Problem, sondern auch eine Gefahr f\u00fcr die Demokratie.<\/p>\n\n\n\n<p><a href=\"https:\/\/www.bertelsmann-stiftung.de\/de\/themen\/aktuelle-meldungen\/2025\/mai\/die-einsamkeit-junger-menschen-ist-eine-gefahr-fuer-die-demokratie\">Mitteilung lesen<\/a><\/p>\n","protected":false},"excerpt":{"rendered":"<p>Das geht aus einer Befragung von 16- bis 30-J\u00e4hrigen in unserem Auftrag hervor. Neben dem fehlenden Engagement droht eine wachsende Anf\u00e4lligkeit f\u00fcr politische Entfremdung und Radikalisierung. Einsamkeit ist daher nicht nur ein individuelles und soziales Problem, sondern auch eine Gefahr f\u00fcr die Demokratie. Mitteilung lesen<\/p>\n","protected":false},"author":1,"featured_media":0,"comment_status":"closed","ping_status":"closed","sticky":false,"template":"","format":"standard","meta":{"footnotes":""},"categories":[1],"tags":[],"class_list":["post-23429","post","type-post","status-publish","format-standard","hentry","category-allgemein"],"_links":{"self":[{"href":"https:\/\/www.vadib.de\/index.php?rest_route=\/wp\/v2\/posts\/23429","targetHints":{"allow":["GET"]}}],"collection":[{"href":"https:\/\/www.vadib.de\/index.php?rest_route=\/wp\/v2\/posts"}],"about":[{"href":"https:\/\/www.vadib.de\/index.php?rest_route=\/wp\/v2\/types\/post"}],"author":[{"embeddable":true,"href":"https:\/\/www.vadib.de\/index.php?rest_route=\/wp\/v2\/users\/1"}],"replies":[{"embeddable":true,"href":"https:\/\/www.vadib.de\/index.php?rest_route=%2Fwp%2Fv2%2Fcomments&post=23429"}],"version-history":[{"count":1,"href":"https:\/\/www.vadib.de\/index.php?rest_route=\/wp\/v2\/posts\/23429\/revisions"}],"predecessor-version":[{"id":23430,"href":"https:\/\/www.vadib.de\/index.php?rest_route=\/wp\/v2\/posts\/23429\/revisions\/23430"}],"wp:attachment":[{"href":"https:\/\/www.vadib.de\/index.php?rest_route=%2Fwp%2Fv2%2Fmedia&parent=23429"}],"wp:term":[{"taxonomy":"category","embeddable":true,"href":"https:\/\/www.vadib.de\/index.php?rest_route=%2Fwp%2Fv2%2Fcategories&post=23429"},{"taxonomy":"post_tag","embeddable":true,"href":"https:\/\/www.vadib.de\/index.php?rest_route=%2Fwp%2Fv2%2Ftags&post=23429"}],"curies":[{"name":"wp","href":"https:\/\/api.w.org\/{rel}","templated":true}]}}