{"id":23388,"date":"2025-05-23T12:46:18","date_gmt":"2025-05-23T10:46:18","guid":{"rendered":"https:\/\/www.vadib.de\/?p=23388"},"modified":"2025-05-23T12:46:19","modified_gmt":"2025-05-23T10:46:19","slug":"arbeitslosigkeit-steigt-folgenschwere-kuerzungen-bei-angeboten-fuer-nicht-deutsche-und-fuer-langzeitarbeitslose-menschen","status":"publish","type":"post","link":"https:\/\/www.vadib.de\/?p=23388","title":{"rendered":"Arbeitslosigkeit steigt \u2013 folgenschwere K\u00fcrzungen bei Angeboten f\u00fcr nicht-deutsche und f\u00fcr langzeitarbeitslose Menschen"},"content":{"rendered":"\n<figure class=\"wp-block-image size-full is-resized\"><img loading=\"lazy\" decoding=\"async\" width=\"270\" height=\"59\" src=\"https:\/\/www.vadib.de\/wp-content\/uploads\/2024\/09\/Logo_Arbeitnehmerkammer-Bremen.png\" alt=\"\" class=\"wp-image-20475\" style=\"width:181px;height:auto\"\/><\/figure>\n\n\n\n<p>F\u00fcr einen Arbeitsmarkt, der schon durch eine hohe Arbeitslosigkeit gepr\u00e4gt ist, stellt der weitere Anstieg eine besondere Herausforderung dar. Ausgerechnet in dieser Lage drohen nicht nur weitere K\u00fcrzungen im Budget der Jobcenter durch den Bund. Diese K\u00fcrzungen haben zuletzt die F\u00f6rderma\u00dfnahmen f\u00fcr langzeitarbeitslose Menschen besonders hart getroffen.<\/p>\n\n\n\n<p><a href=\"https:\/\/www.arbeitnehmerkammer.de\/erwerbslosigkeitsbericht2024.html\">Beitrag lesen<\/a><\/p>\n","protected":false},"excerpt":{"rendered":"<p>F\u00fcr einen Arbeitsmarkt, der schon durch eine hohe Arbeitslosigkeit gepr\u00e4gt ist, stellt der weitere Anstieg eine besondere Herausforderung dar. Ausgerechnet in dieser Lage drohen nicht nur weitere K\u00fcrzungen im Budget der Jobcenter durch den Bund. Diese K\u00fcrzungen haben zuletzt die F\u00f6rderma\u00dfnahmen f\u00fcr langzeitarbeitslose Menschen besonders hart getroffen. Beitrag lesen<\/p>\n","protected":false},"author":1,"featured_media":0,"comment_status":"closed","ping_status":"closed","sticky":false,"template":"","format":"standard","meta":{"footnotes":""},"categories":[1],"tags":[],"class_list":["post-23388","post","type-post","status-publish","format-standard","hentry","category-allgemein"],"_links":{"self":[{"href":"https:\/\/www.vadib.de\/index.php?rest_route=\/wp\/v2\/posts\/23388","targetHints":{"allow":["GET"]}}],"collection":[{"href":"https:\/\/www.vadib.de\/index.php?rest_route=\/wp\/v2\/posts"}],"about":[{"href":"https:\/\/www.vadib.de\/index.php?rest_route=\/wp\/v2\/types\/post"}],"author":[{"embeddable":true,"href":"https:\/\/www.vadib.de\/index.php?rest_route=\/wp\/v2\/users\/1"}],"replies":[{"embeddable":true,"href":"https:\/\/www.vadib.de\/index.php?rest_route=%2Fwp%2Fv2%2Fcomments&post=23388"}],"version-history":[{"count":1,"href":"https:\/\/www.vadib.de\/index.php?rest_route=\/wp\/v2\/posts\/23388\/revisions"}],"predecessor-version":[{"id":23389,"href":"https:\/\/www.vadib.de\/index.php?rest_route=\/wp\/v2\/posts\/23388\/revisions\/23389"}],"wp:attachment":[{"href":"https:\/\/www.vadib.de\/index.php?rest_route=%2Fwp%2Fv2%2Fmedia&parent=23388"}],"wp:term":[{"taxonomy":"category","embeddable":true,"href":"https:\/\/www.vadib.de\/index.php?rest_route=%2Fwp%2Fv2%2Fcategories&post=23388"},{"taxonomy":"post_tag","embeddable":true,"href":"https:\/\/www.vadib.de\/index.php?rest_route=%2Fwp%2Fv2%2Ftags&post=23388"}],"curies":[{"name":"wp","href":"https:\/\/api.w.org\/{rel}","templated":true}]}}