{"id":23386,"date":"2025-05-24T11:49:00","date_gmt":"2025-05-24T09:49:00","guid":{"rendered":"https:\/\/www.vadib.de\/?p=23386"},"modified":"2025-05-24T11:59:56","modified_gmt":"2025-05-24T09:59:56","slug":"veranstaltung-oeffentlich-gefoerderte-beschaeftigung-und-soziale-angebote-in-quartieren-2","status":"publish","type":"post","link":"https:\/\/www.vadib.de\/?p=23386","title":{"rendered":"Veranstaltung: \u00d6ffentlich gef\u00f6rderte Besch\u00e4ftigung und soziale Angebote in Quartieren"},"content":{"rendered":"\n<figure class=\"wp-block-image size-full is-resized\"><img loading=\"lazy\" decoding=\"async\" width=\"722\" height=\"250\" src=\"https:\/\/www.vadib.de\/wp-content\/uploads\/2024\/04\/cropped-VaDiB_Logo_transparent.png\" alt=\"\" class=\"wp-image-18732\" style=\"width:158px;height:auto\" srcset=\"https:\/\/www.vadib.de\/wp-content\/uploads\/2024\/04\/cropped-VaDiB_Logo_transparent.png 722w, https:\/\/www.vadib.de\/wp-content\/uploads\/2024\/04\/cropped-VaDiB_Logo_transparent-300x104.png 300w\" sizes=\"auto, (max-width: 722px) 100vw, 722px\" \/><\/figure>\n\n\n\n<p>Der Bund verabschiedet sich schrittweise aus der Unterst\u00fctzung f\u00fcr Langzeitarbeitslose. Das darf aber nicht bedeuten, dass die Kommune sich ebenfalls verabschiedet. Die Menschen, die den Anschluss an regul\u00e4re Besch\u00e4ftigung verloren oder noch nicht gefunden haben, gibt es nach wie vor. Sie ben\u00f6tigen Unterst\u00fctzung, und die dadurch getragenen Projekte in den Quartieren sind zu wichtig, um sie fallen zu lassen. Um \u00f6ffentlich gef\u00f6rderte Besch\u00e4ftigung f\u00fcr Langzeitarbeitslose als einen Weg in Besch\u00e4ftigung und gleichzeitig als sinnstiftende, gemeinwohlorientierte Arbeit f\u00fcr Bremen zu erhalten, m\u00fcssen Strukturen grundlegend ver\u00e4ndert werden (s. dazu <a href=\"https:\/\/www.vadib.de\/wp-content\/uploads\/2025\/04\/VaDiB_Positionspapier_Oeffentlich-gefoerderte-Beschaeftigung_250430.pdf\">VaDiB-Positionspapier<\/a>).<\/p>\n\n\n\n<p>Wie soll es weitergehen in den kommenden Jahren? Darum soll es in der <strong>Veranstaltung des Verbundes Arbeitsmarktpolitischer Dienstleister in Bremen e.V. (VaDiB)<\/strong> gehen am:<\/p>\n\n\n\n<p><strong>Dienstag, 27. Mai 2025, 16:00 &#8211; 18:30 Uhr, KWADRAT, Wilhelm-Kaisen-Br\u00fccke 4, 28199 Bremen<\/strong><\/p>\n\n\n\n<p><a href=\"https:\/\/www.vadib.de\/wp-content\/uploads\/2025\/04\/VaDiB_Veranstaltung_Einladung_250527.pdf\">Veranstaltungshinweis lesen<\/a><\/p>\n","protected":false},"excerpt":{"rendered":"<p>Der Bund verabschiedet sich schrittweise aus der Unterst\u00fctzung f\u00fcr Langzeitarbeitslose. Das darf aber nicht bedeuten, dass die Kommune sich ebenfalls verabschiedet. Die Menschen, die den Anschluss an regul\u00e4re Besch\u00e4ftigung verloren oder noch nicht gefunden haben, gibt es nach wie vor. Sie ben\u00f6tigen Unterst\u00fctzung, und die dadurch getragenen Projekte in den Quartieren sind zu wichtig, um &hellip; <\/p>\n<p class=\"link-more\"><a href=\"https:\/\/www.vadib.de\/?p=23386\" class=\"more-link\"><span class=\"screen-reader-text\">\u201eVeranstaltung: \u00d6ffentlich gef\u00f6rderte Besch\u00e4ftigung und soziale Angebote in Quartieren\u201c <\/span>weiterlesen<\/a><\/p>\n","protected":false},"author":1,"featured_media":0,"comment_status":"closed","ping_status":"closed","sticky":false,"template":"","format":"standard","meta":{"footnotes":""},"categories":[1],"tags":[],"class_list":["post-23386","post","type-post","status-publish","format-standard","hentry","category-allgemein"],"_links":{"self":[{"href":"https:\/\/www.vadib.de\/index.php?rest_route=\/wp\/v2\/posts\/23386","targetHints":{"allow":["GET"]}}],"collection":[{"href":"https:\/\/www.vadib.de\/index.php?rest_route=\/wp\/v2\/posts"}],"about":[{"href":"https:\/\/www.vadib.de\/index.php?rest_route=\/wp\/v2\/types\/post"}],"author":[{"embeddable":true,"href":"https:\/\/www.vadib.de\/index.php?rest_route=\/wp\/v2\/users\/1"}],"replies":[{"embeddable":true,"href":"https:\/\/www.vadib.de\/index.php?rest_route=%2Fwp%2Fv2%2Fcomments&post=23386"}],"version-history":[{"count":3,"href":"https:\/\/www.vadib.de\/index.php?rest_route=\/wp\/v2\/posts\/23386\/revisions"}],"predecessor-version":[{"id":23416,"href":"https:\/\/www.vadib.de\/index.php?rest_route=\/wp\/v2\/posts\/23386\/revisions\/23416"}],"wp:attachment":[{"href":"https:\/\/www.vadib.de\/index.php?rest_route=%2Fwp%2Fv2%2Fmedia&parent=23386"}],"wp:term":[{"taxonomy":"category","embeddable":true,"href":"https:\/\/www.vadib.de\/index.php?rest_route=%2Fwp%2Fv2%2Fcategories&post=23386"},{"taxonomy":"post_tag","embeddable":true,"href":"https:\/\/www.vadib.de\/index.php?rest_route=%2Fwp%2Fv2%2Ftags&post=23386"}],"curies":[{"name":"wp","href":"https:\/\/api.w.org\/{rel}","templated":true}]}}