{"id":23374,"date":"2025-05-23T12:07:20","date_gmt":"2025-05-23T10:07:20","guid":{"rendered":"https:\/\/www.vadib.de\/?p=23374"},"modified":"2025-05-23T12:07:21","modified_gmt":"2025-05-23T10:07:21","slug":"arbeitslosigkeit-stresstest-fuer-den-arbeitsmarkt","status":"publish","type":"post","link":"https:\/\/www.vadib.de\/?p=23374","title":{"rendered":"Arbeitslosigkeit: Stresstest f\u00fcr den Arbeitsmarkt"},"content":{"rendered":"\n<figure class=\"wp-block-image size-full is-resized\"><img loading=\"lazy\" decoding=\"async\" width=\"466\" height=\"116\" src=\"https:\/\/www.vadib.de\/wp-content\/uploads\/2022\/03\/Logo_Wirtschaftsdienst.png\" alt=\"\" class=\"wp-image-12051\" style=\"width:186px;height:auto\" srcset=\"https:\/\/www.vadib.de\/wp-content\/uploads\/2022\/03\/Logo_Wirtschaftsdienst.png 466w, https:\/\/www.vadib.de\/wp-content\/uploads\/2022\/03\/Logo_Wirtschaftsdienst-300x75.png 300w\" sizes=\"auto, (max-width: 466px) 100vw, 466px\" \/><\/figure>\n\n\n\n<p>Die Arbeitslosigkeit ist seit 2022 sp\u00fcrbar angestiegen. Anfangs war dieser Anstieg gr\u00f6\u00dftenteils auf die Fluchtmigration aus der Ukraine zur\u00fcckzuf\u00fchren, zuletzt kommt der Anstieg aber aus dem Arbeitsmarkt selbst. Zum kleineren Teil gehen Personen aus der Besch\u00e4ftigung in die Arbeitslosigkeit, z. B. aufgrund einer Entlassung. Zum gr\u00f6\u00dferen Teil verbleiben Personen l\u00e4nger in der Arbeitslosigkeit, da die Neueinstellungen r\u00fcckl\u00e4ufig sind.<\/p>\n\n\n\n<p><a href=\"https:\/\/www.wirtschaftsdienst.eu\/inhalt\/jahr\/2025\/heft\/5\/beitrag\/arbeitslosigkeit-stresstest-fuer-den-arbeitsmarkt.html\">Beitrag lesen<\/a><\/p>\n","protected":false},"excerpt":{"rendered":"<p>Die Arbeitslosigkeit ist seit 2022 sp\u00fcrbar angestiegen. Anfangs war dieser Anstieg gr\u00f6\u00dftenteils auf die Fluchtmigration aus der Ukraine zur\u00fcckzuf\u00fchren, zuletzt kommt der Anstieg aber aus dem Arbeitsmarkt selbst. Zum kleineren Teil gehen Personen aus der Besch\u00e4ftigung in die Arbeitslosigkeit, z. B. aufgrund einer Entlassung. Zum gr\u00f6\u00dferen Teil verbleiben Personen l\u00e4nger in der Arbeitslosigkeit, da die &hellip; <\/p>\n<p class=\"link-more\"><a href=\"https:\/\/www.vadib.de\/?p=23374\" class=\"more-link\"><span class=\"screen-reader-text\">\u201eArbeitslosigkeit: Stresstest f\u00fcr den Arbeitsmarkt\u201c <\/span>weiterlesen<\/a><\/p>\n","protected":false},"author":1,"featured_media":0,"comment_status":"closed","ping_status":"closed","sticky":false,"template":"","format":"standard","meta":{"footnotes":""},"categories":[1],"tags":[],"class_list":["post-23374","post","type-post","status-publish","format-standard","hentry","category-allgemein"],"_links":{"self":[{"href":"https:\/\/www.vadib.de\/index.php?rest_route=\/wp\/v2\/posts\/23374","targetHints":{"allow":["GET"]}}],"collection":[{"href":"https:\/\/www.vadib.de\/index.php?rest_route=\/wp\/v2\/posts"}],"about":[{"href":"https:\/\/www.vadib.de\/index.php?rest_route=\/wp\/v2\/types\/post"}],"author":[{"embeddable":true,"href":"https:\/\/www.vadib.de\/index.php?rest_route=\/wp\/v2\/users\/1"}],"replies":[{"embeddable":true,"href":"https:\/\/www.vadib.de\/index.php?rest_route=%2Fwp%2Fv2%2Fcomments&post=23374"}],"version-history":[{"count":1,"href":"https:\/\/www.vadib.de\/index.php?rest_route=\/wp\/v2\/posts\/23374\/revisions"}],"predecessor-version":[{"id":23375,"href":"https:\/\/www.vadib.de\/index.php?rest_route=\/wp\/v2\/posts\/23374\/revisions\/23375"}],"wp:attachment":[{"href":"https:\/\/www.vadib.de\/index.php?rest_route=%2Fwp%2Fv2%2Fmedia&parent=23374"}],"wp:term":[{"taxonomy":"category","embeddable":true,"href":"https:\/\/www.vadib.de\/index.php?rest_route=%2Fwp%2Fv2%2Fcategories&post=23374"},{"taxonomy":"post_tag","embeddable":true,"href":"https:\/\/www.vadib.de\/index.php?rest_route=%2Fwp%2Fv2%2Ftags&post=23374"}],"curies":[{"name":"wp","href":"https:\/\/api.w.org\/{rel}","templated":true}]}}