{"id":23372,"date":"2025-05-23T12:02:10","date_gmt":"2025-05-23T10:02:10","guid":{"rendered":"https:\/\/www.vadib.de\/?p=23372"},"modified":"2025-05-23T12:02:11","modified_gmt":"2025-05-23T10:02:11","slug":"veranstaltung-wer-bleibt-auf-der-strecke-3","status":"publish","type":"post","link":"https:\/\/www.vadib.de\/?p=23372","title":{"rendered":"Veranstaltung: &#8222;Wer bleibt auf der Strecke?&#8220;"},"content":{"rendered":"\n<figure class=\"wp-block-image size-full is-resized\"><img loading=\"lazy\" decoding=\"async\" width=\"225\" height=\"171\" src=\"https:\/\/www.vadib.de\/wp-content\/uploads\/2019\/12\/Logo_Senat.png\" alt=\"\" class=\"wp-image-5888\" style=\"width:72px;height:auto\"\/><\/figure>\n\n\n\n<p>Am 4. Juni 2025, 18 bis 20 Uhr, laden die Zentralstelle der Landesfrauenbeauftragten (ZGF), der Landesbehindertenbeauftragte sowie der Bremer Rat f\u00fcr Integration zu der Veranstaltung &#8222;Wer bleibt auf der Strecke \u2013 K\u00fcrzungen bei der Arbeits- und Sprachf\u00f6rderung treffen Frauen, Migrant*innen und Menschen mit Behinderungen&#8220; in den Festsaal der Bremische B\u00fcrgerschaft ein.<\/p>\n\n\n\n<p><a href=\"https:\/\/www.senatspressestelle.bremen.de\/pressemitteilungen\/veranstaltung-wer-bleibt-auf-der-strecke-468823\">Mitteilung lesen<\/a><\/p>\n","protected":false},"excerpt":{"rendered":"<p>Am 4. Juni 2025, 18 bis 20 Uhr, laden die Zentralstelle der Landesfrauenbeauftragten (ZGF), der Landesbehindertenbeauftragte sowie der Bremer Rat f\u00fcr Integration zu der Veranstaltung &#8222;Wer bleibt auf der Strecke \u2013 K\u00fcrzungen bei der Arbeits- und Sprachf\u00f6rderung treffen Frauen, Migrant*innen und Menschen mit Behinderungen&#8220; in den Festsaal der Bremische B\u00fcrgerschaft ein. Mitteilung lesen<\/p>\n","protected":false},"author":1,"featured_media":0,"comment_status":"closed","ping_status":"closed","sticky":false,"template":"","format":"standard","meta":{"footnotes":""},"categories":[1],"tags":[],"class_list":["post-23372","post","type-post","status-publish","format-standard","hentry","category-allgemein"],"_links":{"self":[{"href":"https:\/\/www.vadib.de\/index.php?rest_route=\/wp\/v2\/posts\/23372","targetHints":{"allow":["GET"]}}],"collection":[{"href":"https:\/\/www.vadib.de\/index.php?rest_route=\/wp\/v2\/posts"}],"about":[{"href":"https:\/\/www.vadib.de\/index.php?rest_route=\/wp\/v2\/types\/post"}],"author":[{"embeddable":true,"href":"https:\/\/www.vadib.de\/index.php?rest_route=\/wp\/v2\/users\/1"}],"replies":[{"embeddable":true,"href":"https:\/\/www.vadib.de\/index.php?rest_route=%2Fwp%2Fv2%2Fcomments&post=23372"}],"version-history":[{"count":1,"href":"https:\/\/www.vadib.de\/index.php?rest_route=\/wp\/v2\/posts\/23372\/revisions"}],"predecessor-version":[{"id":23373,"href":"https:\/\/www.vadib.de\/index.php?rest_route=\/wp\/v2\/posts\/23372\/revisions\/23373"}],"wp:attachment":[{"href":"https:\/\/www.vadib.de\/index.php?rest_route=%2Fwp%2Fv2%2Fmedia&parent=23372"}],"wp:term":[{"taxonomy":"category","embeddable":true,"href":"https:\/\/www.vadib.de\/index.php?rest_route=%2Fwp%2Fv2%2Fcategories&post=23372"},{"taxonomy":"post_tag","embeddable":true,"href":"https:\/\/www.vadib.de\/index.php?rest_route=%2Fwp%2Fv2%2Ftags&post=23372"}],"curies":[{"name":"wp","href":"https:\/\/api.w.org\/{rel}","templated":true}]}}