{"id":23350,"date":"2025-05-21T11:57:09","date_gmt":"2025-05-21T09:57:09","guid":{"rendered":"https:\/\/www.vadib.de\/?p=23350"},"modified":"2025-05-21T11:57:09","modified_gmt":"2025-05-21T09:57:09","slug":"soziale-haengematte-buergergeld","status":"publish","type":"post","link":"https:\/\/www.vadib.de\/?p=23350","title":{"rendered":"Soziale H\u00e4ngematte B\u00fcrgergeld?"},"content":{"rendered":"\n<figure class=\"wp-block-image size-full is-resized\"><img loading=\"lazy\" decoding=\"async\" width=\"267\" height=\"189\" src=\"https:\/\/www.vadib.de\/wp-content\/uploads\/2024\/12\/Logo_Rosa-Luxemburg-Stiftung.png\" alt=\"\" class=\"wp-image-21625\" style=\"width:104px;height:auto\"\/><\/figure>\n\n\n\n<p>Im Gespr\u00e4ch mit <strong>Ulrich Schneider<\/strong>, langj\u00e4hriger Hauptgesch\u00e4ftsf\u00fchrer des Parit\u00e4tischen Wohlfahrtsverbandes und heute t\u00e4tig f\u00fcr die Gesellschaft f\u00fcr Kommunikation und Soziales, GKS-Consult und der Fraktionsvorsitzenden der Linksfraktion im Bundestag, <strong>Heidi Reichinnek<\/strong>, soll den populistischen Behauptungen rund ums B\u00fcrgergeld nachgegangen und danach gefragt werden, was wirklich getan werden muss, um die wachsende Armut im Land zu bek\u00e4mpfen.<\/p>\n\n\n\n<p><strong>Online-Veranstaltung am 18.06.2025, 18:00 &#8211; 19:30 Uhr<\/strong><\/p>\n\n\n\n<p><a href=\"https:\/\/www.rosalux.de\/veranstaltung\/es_detail\/TOM3N\/soziale-haengematte-buergergeld?cHash=b0206db270dcf22b667a3e27a1b97fff\">Veranstaltungshinweis lesen<\/a><\/p>\n","protected":false},"excerpt":{"rendered":"<p>Im Gespr\u00e4ch mit Ulrich Schneider, langj\u00e4hriger Hauptgesch\u00e4ftsf\u00fchrer des Parit\u00e4tischen Wohlfahrtsverbandes und heute t\u00e4tig f\u00fcr die Gesellschaft f\u00fcr Kommunikation und Soziales, GKS-Consult und der Fraktionsvorsitzenden der Linksfraktion im Bundestag, Heidi Reichinnek, soll den populistischen Behauptungen rund ums B\u00fcrgergeld nachgegangen und danach gefragt werden, was wirklich getan werden muss, um die wachsende Armut im Land zu bek\u00e4mpfen. &hellip; <\/p>\n<p class=\"link-more\"><a href=\"https:\/\/www.vadib.de\/?p=23350\" class=\"more-link\"><span class=\"screen-reader-text\">\u201eSoziale H\u00e4ngematte B\u00fcrgergeld?\u201c <\/span>weiterlesen<\/a><\/p>\n","protected":false},"author":1,"featured_media":0,"comment_status":"closed","ping_status":"closed","sticky":false,"template":"","format":"standard","meta":{"footnotes":""},"categories":[1],"tags":[],"class_list":["post-23350","post","type-post","status-publish","format-standard","hentry","category-allgemein"],"_links":{"self":[{"href":"https:\/\/www.vadib.de\/index.php?rest_route=\/wp\/v2\/posts\/23350","targetHints":{"allow":["GET"]}}],"collection":[{"href":"https:\/\/www.vadib.de\/index.php?rest_route=\/wp\/v2\/posts"}],"about":[{"href":"https:\/\/www.vadib.de\/index.php?rest_route=\/wp\/v2\/types\/post"}],"author":[{"embeddable":true,"href":"https:\/\/www.vadib.de\/index.php?rest_route=\/wp\/v2\/users\/1"}],"replies":[{"embeddable":true,"href":"https:\/\/www.vadib.de\/index.php?rest_route=%2Fwp%2Fv2%2Fcomments&post=23350"}],"version-history":[{"count":1,"href":"https:\/\/www.vadib.de\/index.php?rest_route=\/wp\/v2\/posts\/23350\/revisions"}],"predecessor-version":[{"id":23351,"href":"https:\/\/www.vadib.de\/index.php?rest_route=\/wp\/v2\/posts\/23350\/revisions\/23351"}],"wp:attachment":[{"href":"https:\/\/www.vadib.de\/index.php?rest_route=%2Fwp%2Fv2%2Fmedia&parent=23350"}],"wp:term":[{"taxonomy":"category","embeddable":true,"href":"https:\/\/www.vadib.de\/index.php?rest_route=%2Fwp%2Fv2%2Fcategories&post=23350"},{"taxonomy":"post_tag","embeddable":true,"href":"https:\/\/www.vadib.de\/index.php?rest_route=%2Fwp%2Fv2%2Ftags&post=23350"}],"curies":[{"name":"wp","href":"https:\/\/api.w.org\/{rel}","templated":true}]}}