{"id":23348,"date":"2025-05-21T11:47:53","date_gmt":"2025-05-21T09:47:53","guid":{"rendered":"https:\/\/www.vadib.de\/?p=23348"},"modified":"2025-05-21T11:47:53","modified_gmt":"2025-05-21T09:47:53","slug":"buergergeld-nachbessern-jobcenter-chef-sieht-akuten-handlungsbedarf","status":"publish","type":"post","link":"https:\/\/www.vadib.de\/?p=23348","title":{"rendered":"B\u00fcrgergeld nachbessern: Jobcenter-Chef sieht akuten Handlungsbedarf"},"content":{"rendered":"\n<figure class=\"wp-block-image size-full is-resized\"><img loading=\"lazy\" decoding=\"async\" width=\"622\" height=\"101\" src=\"https:\/\/www.vadib.de\/wp-content\/uploads\/2020\/10\/Logo_FR.png\" alt=\"\" class=\"wp-image-8587\" style=\"width:206px;height:auto\"\/><\/figure>\n\n\n\n<p>Beim B\u00fcrgergeld-Umbau will die Merz-Regierung die Vermittlung in Arbeit st\u00e4rken.<strong> Lutz Mania,<\/strong> Gesch\u00e4ftsf\u00fchrer des Jobcenters in Berlin-Mitte, sieht dabei noch Handlungsbedarf.<\/p>\n\n\n\n<p><a href=\"https:\/\/www.fr.de\/wirtschaft\/buergergeld-nachbessern-jobcenter-chef-sieht-akuten-handlungsbedarf-zr-93741863.html\">Beitrag lesen<\/a><\/p>\n","protected":false},"excerpt":{"rendered":"<p>Beim B\u00fcrgergeld-Umbau will die Merz-Regierung die Vermittlung in Arbeit st\u00e4rken. Lutz Mania, Gesch\u00e4ftsf\u00fchrer des Jobcenters in Berlin-Mitte, sieht dabei noch Handlungsbedarf. Beitrag lesen<\/p>\n","protected":false},"author":1,"featured_media":0,"comment_status":"closed","ping_status":"closed","sticky":false,"template":"","format":"standard","meta":{"footnotes":""},"categories":[1],"tags":[],"class_list":["post-23348","post","type-post","status-publish","format-standard","hentry","category-allgemein"],"_links":{"self":[{"href":"https:\/\/www.vadib.de\/index.php?rest_route=\/wp\/v2\/posts\/23348","targetHints":{"allow":["GET"]}}],"collection":[{"href":"https:\/\/www.vadib.de\/index.php?rest_route=\/wp\/v2\/posts"}],"about":[{"href":"https:\/\/www.vadib.de\/index.php?rest_route=\/wp\/v2\/types\/post"}],"author":[{"embeddable":true,"href":"https:\/\/www.vadib.de\/index.php?rest_route=\/wp\/v2\/users\/1"}],"replies":[{"embeddable":true,"href":"https:\/\/www.vadib.de\/index.php?rest_route=%2Fwp%2Fv2%2Fcomments&post=23348"}],"version-history":[{"count":1,"href":"https:\/\/www.vadib.de\/index.php?rest_route=\/wp\/v2\/posts\/23348\/revisions"}],"predecessor-version":[{"id":23349,"href":"https:\/\/www.vadib.de\/index.php?rest_route=\/wp\/v2\/posts\/23348\/revisions\/23349"}],"wp:attachment":[{"href":"https:\/\/www.vadib.de\/index.php?rest_route=%2Fwp%2Fv2%2Fmedia&parent=23348"}],"wp:term":[{"taxonomy":"category","embeddable":true,"href":"https:\/\/www.vadib.de\/index.php?rest_route=%2Fwp%2Fv2%2Fcategories&post=23348"},{"taxonomy":"post_tag","embeddable":true,"href":"https:\/\/www.vadib.de\/index.php?rest_route=%2Fwp%2Fv2%2Ftags&post=23348"}],"curies":[{"name":"wp","href":"https:\/\/api.w.org\/{rel}","templated":true}]}}