{"id":23344,"date":"2025-05-21T09:19:21","date_gmt":"2025-05-21T07:19:21","guid":{"rendered":"https:\/\/www.vadib.de\/?p=23344"},"modified":"2025-05-21T09:19:22","modified_gmt":"2025-05-21T07:19:22","slug":"wie-es-um-die-chancen-von-kindern-und-jugendlichen-in-bremen-steht-2","status":"publish","type":"post","link":"https:\/\/www.vadib.de\/?p=23344","title":{"rendered":"Bremer Experte h\u00e4lt l\u00e4ngere Arbeitszeiten f\u00fcr den falschen Weg"},"content":{"rendered":"\n<figure class=\"wp-block-image size-full is-resized\"><img loading=\"lazy\" decoding=\"async\" width=\"282\" height=\"99\" src=\"https:\/\/www.vadib.de\/wp-content\/uploads\/2023\/03\/Logo_buten-un-binnen.png\" alt=\"\" class=\"wp-image-14865\" style=\"width:161px;height:auto\"\/><\/figure>\n\n\n\n<p>Eine Studie untermauert die Aussage des Bundeskanzlers: Deutsche arbeiten im Schnitt weniger als andere. Woran das liegt und was sich \u00e4ndern muss, erkl\u00e4ren Bremer Experten.<\/p>\n\n\n\n<p><a href=\"https:\/\/www.butenunbinnen.de\/nachrichten\/studie-arbeitsstunden-deutsche-bremen-102.html\">Beitrag lesen und h\u00f6ren<\/a><\/p>\n","protected":false},"excerpt":{"rendered":"<p>Eine Studie untermauert die Aussage des Bundeskanzlers: Deutsche arbeiten im Schnitt weniger als andere. Woran das liegt und was sich \u00e4ndern muss, erkl\u00e4ren Bremer Experten. Beitrag lesen und h\u00f6ren<\/p>\n","protected":false},"author":1,"featured_media":0,"comment_status":"closed","ping_status":"closed","sticky":false,"template":"","format":"standard","meta":{"footnotes":""},"categories":[1],"tags":[],"class_list":["post-23344","post","type-post","status-publish","format-standard","hentry","category-allgemein"],"_links":{"self":[{"href":"https:\/\/www.vadib.de\/index.php?rest_route=\/wp\/v2\/posts\/23344","targetHints":{"allow":["GET"]}}],"collection":[{"href":"https:\/\/www.vadib.de\/index.php?rest_route=\/wp\/v2\/posts"}],"about":[{"href":"https:\/\/www.vadib.de\/index.php?rest_route=\/wp\/v2\/types\/post"}],"author":[{"embeddable":true,"href":"https:\/\/www.vadib.de\/index.php?rest_route=\/wp\/v2\/users\/1"}],"replies":[{"embeddable":true,"href":"https:\/\/www.vadib.de\/index.php?rest_route=%2Fwp%2Fv2%2Fcomments&post=23344"}],"version-history":[{"count":1,"href":"https:\/\/www.vadib.de\/index.php?rest_route=\/wp\/v2\/posts\/23344\/revisions"}],"predecessor-version":[{"id":23345,"href":"https:\/\/www.vadib.de\/index.php?rest_route=\/wp\/v2\/posts\/23344\/revisions\/23345"}],"wp:attachment":[{"href":"https:\/\/www.vadib.de\/index.php?rest_route=%2Fwp%2Fv2%2Fmedia&parent=23344"}],"wp:term":[{"taxonomy":"category","embeddable":true,"href":"https:\/\/www.vadib.de\/index.php?rest_route=%2Fwp%2Fv2%2Fcategories&post=23344"},{"taxonomy":"post_tag","embeddable":true,"href":"https:\/\/www.vadib.de\/index.php?rest_route=%2Fwp%2Fv2%2Ftags&post=23344"}],"curies":[{"name":"wp","href":"https:\/\/api.w.org\/{rel}","templated":true}]}}